{"id":769,"date":"2021-04-06T16:10:04","date_gmt":"2021-04-06T20:10:04","guid":{"rendered":"https:\/\/www.coreduc.cl\/vbs\/?p=769"},"modified":"2021-04-06T16:17:32","modified_gmt":"2021-04-06T20:17:32","slug":"dia-mundial-de-la-actividad-fisica","status":"publish","type":"post","link":"https:\/\/www.coreduc.cl\/vbs\/dia-mundial-de-la-actividad-fisica\/","title":{"rendered":"D\u00eda Mundial De La Actividad F\u00edsica"},"content":{"rendered":"<div class=\"wpb-content-wrapper\"><p>[vc_row css_animation=&#8221;&#8221; row_type=&#8221;row&#8221; use_row_as_full_screen_section=&#8221;no&#8221; type=&#8221;full_width&#8221; angled_section=&#8221;no&#8221; text_align=&#8221;left&#8221; background_image_as_pattern=&#8221;without_pattern&#8221;][vc_column][vc_column_text]Desde el a\u00f1o 2002, la Organizaci\u00f3n Mundial de la Salud (OMS) celebra el 06 de abril el <strong>D\u00eda Mundial de la Actividad F\u00edsica,<\/strong> teniendo como objetivo difundir los cuantiosos beneficios que trae consigo la pr\u00e1ctica regular.<\/p>\n<p>Revisa tambi\u00e9n en Facebook <a href=\"https:\/\/www.facebook.com\/475404579256467\/posts\/2289613327835574\/?sfnsn=mo\">aqu\u00ed<\/a>[\/vc_column_text][vc_empty_space][vc_single_image image=&#8221;772&#8243; img_size=&#8221;full&#8221; qode_css_animation=&#8221;&#8221;][\/vc_column][\/vc_row]<\/p>\n<\/div>","protected":false},"excerpt":{"rendered":"<p>Desde el a\u00f1o 2002, la Organizaci\u00f3n Mundial de la Salud (OMS) celebra el 06 de abril el D\u00eda Mundial de la Actividad F\u00edsica<\/p>\n","protected":false},"author":7,"featured_media":771,"comment_status":"open","ping_status":"open","sticky":false,"template":"","format":"standard","meta":{"footnotes":""},"categories":[5],"tags":[],"class_list":["post-769","post","type-post","status-publish","format-standard","has-post-thumbnail","hentry","category-noticias"],"_links":{"self":[{"href":"https:\/\/www.coreduc.cl\/vbs\/wp-json\/wp\/v2\/posts\/769","targetHints":{"allow":["GET"]}}],"collection":[{"href":"https:\/\/www.coreduc.cl\/vbs\/wp-json\/wp\/v2\/posts"}],"about":[{"href":"https:\/\/www.coreduc.cl\/vbs\/wp-json\/wp\/v2\/types\/post"}],"author":[{"embeddable":true,"href":"https:\/\/www.coreduc.cl\/vbs\/wp-json\/wp\/v2\/users\/7"}],"replies":[{"embeddable":true,"href":"https:\/\/www.coreduc.cl\/vbs\/wp-json\/wp\/v2\/comments?post=769"}],"version-history":[{"count":2,"href":"https:\/\/www.coreduc.cl\/vbs\/wp-json\/wp\/v2\/posts\/769\/revisions"}],"predecessor-version":[{"id":773,"href":"https:\/\/www.coreduc.cl\/vbs\/wp-json\/wp\/v2\/posts\/769\/revisions\/773"}],"wp:featuredmedia":[{"embeddable":true,"href":"https:\/\/www.coreduc.cl\/vbs\/wp-json\/wp\/v2\/media\/771"}],"wp:attachment":[{"href":"https:\/\/www.coreduc.cl\/vbs\/wp-json\/wp\/v2\/media?parent=769"}],"wp:term":[{"taxonomy":"category","embeddable":true,"href":"https:\/\/www.coreduc.cl\/vbs\/wp-json\/wp\/v2\/categories?post=769"},{"taxonomy":"post_tag","embeddable":true,"href":"https:\/\/www.coreduc.cl\/vbs\/wp-json\/wp\/v2\/tags?post=769"}],"curies":[{"name":"wp","href":"https:\/\/api.w.org\/{rel}","templated":true}]}}