{"id":667,"date":"2021-03-08T10:58:31","date_gmt":"2021-03-08T14:58:31","guid":{"rendered":"https:\/\/www.coreduc.cl\/vbs\/?p=667"},"modified":"2021-03-08T10:59:07","modified_gmt":"2021-03-08T14:59:07","slug":"ingreso-a-clases-presenciales-2021","status":"publish","type":"post","link":"https:\/\/www.coreduc.cl\/vbs\/ingreso-a-clases-presenciales-2021\/","title":{"rendered":"Ingreso a clases presenciales 2021"},"content":{"rendered":"<div class=\"wpb-content-wrapper\"><p>[vc_row css_animation=&#8221;&#8221; row_type=&#8221;row&#8221; use_row_as_full_screen_section=&#8221;no&#8221; type=&#8221;full_width&#8221; angled_section=&#8221;no&#8221; text_align=&#8221;left&#8221; background_image_as_pattern=&#8221;without_pattern&#8221;][vc_column][vc_column_text]Con gran alegr\u00eda y llenos de esperanza los d\u00edas mi\u00e9rcoles 03, jueves 4 y viernes 5 de marzo recibimos a los estudiantes y familias de I\u00ba, II\u00b0, III\u00b0 y IV\u00b0 medios, de ambas jornadas.<\/p>\n<p>Les brindamos la m\u00e1s cordial bienvenida esperando que el a\u00f1o 2021 sea un tiempo de aprendizaje y de reencuentro permanente.<\/p>\n<p><strong>Revisa nuestras galer\u00edas fotogr\u00e1ficas <a href=\"https:\/\/www.facebook.com\/475404579256467\/posts\/2263136030483304\/?sfnsn=mo\" target=\"_blank\" rel=\"noopener noreferrer\">aqu\u00ed<\/a><\/strong>[\/vc_column_text][vc_empty_space][\/vc_column][\/vc_row]<\/p>\n<\/div>","protected":false},"excerpt":{"rendered":"<p>Con gran alegr\u00eda y llenos de esperanza los d\u00edas mi\u00e9rcoles 03, jueves 4 y viernes 5 de marzo recibimos a los estudiantes y familias de I\u00ba, II\u00b0, III\u00b0 y IV\u00b0 medios, de ambas jornadas.<\/p>\n","protected":false},"author":7,"featured_media":668,"comment_status":"open","ping_status":"open","sticky":false,"template":"","format":"standard","meta":{"footnotes":""},"categories":[5],"tags":[],"class_list":["post-667","post","type-post","status-publish","format-standard","has-post-thumbnail","hentry","category-noticias"],"_links":{"self":[{"href":"https:\/\/www.coreduc.cl\/vbs\/wp-json\/wp\/v2\/posts\/667","targetHints":{"allow":["GET"]}}],"collection":[{"href":"https:\/\/www.coreduc.cl\/vbs\/wp-json\/wp\/v2\/posts"}],"about":[{"href":"https:\/\/www.coreduc.cl\/vbs\/wp-json\/wp\/v2\/types\/post"}],"author":[{"embeddable":true,"href":"https:\/\/www.coreduc.cl\/vbs\/wp-json\/wp\/v2\/users\/7"}],"replies":[{"embeddable":true,"href":"https:\/\/www.coreduc.cl\/vbs\/wp-json\/wp\/v2\/comments?post=667"}],"version-history":[{"count":2,"href":"https:\/\/www.coreduc.cl\/vbs\/wp-json\/wp\/v2\/posts\/667\/revisions"}],"predecessor-version":[{"id":670,"href":"https:\/\/www.coreduc.cl\/vbs\/wp-json\/wp\/v2\/posts\/667\/revisions\/670"}],"wp:featuredmedia":[{"embeddable":true,"href":"https:\/\/www.coreduc.cl\/vbs\/wp-json\/wp\/v2\/media\/668"}],"wp:attachment":[{"href":"https:\/\/www.coreduc.cl\/vbs\/wp-json\/wp\/v2\/media?parent=667"}],"wp:term":[{"taxonomy":"category","embeddable":true,"href":"https:\/\/www.coreduc.cl\/vbs\/wp-json\/wp\/v2\/categories?post=667"},{"taxonomy":"post_tag","embeddable":true,"href":"https:\/\/www.coreduc.cl\/vbs\/wp-json\/wp\/v2\/tags?post=667"}],"curies":[{"name":"wp","href":"https:\/\/api.w.org\/{rel}","templated":true}]}}