{"id":654,"date":"2021-03-02T13:56:21","date_gmt":"2021-03-02T17:56:21","guid":{"rendered":"https:\/\/www.coreduc.cl\/vbs\/?p=654"},"modified":"2021-03-02T13:56:41","modified_gmt":"2021-03-02T17:56:41","slug":"reconocimiento-a-nuestro-exdirector","status":"publish","type":"post","link":"https:\/\/www.coreduc.cl\/vbs\/reconocimiento-a-nuestro-exdirector\/","title":{"rendered":"Reconocimiento a nuestro Exdirector"},"content":{"rendered":"<div class=\"wpb-content-wrapper\"><p>[vc_row css_animation=&#8221;&#8221; row_type=&#8221;row&#8221; use_row_as_full_screen_section=&#8221;no&#8221; type=&#8221;full_width&#8221; angled_section=&#8221;no&#8221; text_align=&#8221;left&#8221; background_image_as_pattern=&#8221;without_pattern&#8221;][vc_column][vc_column_text]Hoy lunes \u00a001 de marzo, despedimos con mucho cari\u00f1o y emoci\u00f3n a nuestro exdirector, Sr. Luis Padilla Vilches, agradeciendo a Dios su paso por nuestras vidas y por la huella que ha dejado en todos los a\u00f1os de servicio entregados a la educaci\u00f3n de tantas generaciones de j\u00f3venes, dese\u00e1ndole lo mejor en este nuevo camino que comienza junto a su familia, hijos y nietos.<\/p>\n<p>Revisa la publicaci\u00f3n en el siguiente <a href=\"https:\/\/www.facebook.com\/475404579256467\/posts\/2257004181096489\/?sfnsn=mo\"><strong>link<\/strong><\/a>.[\/vc_column_text][vc_empty_space][\/vc_column][\/vc_row]<\/p>\n<\/div>","protected":false},"excerpt":{"rendered":"<p>Hoy lunes  01 de marzo, despedimos con mucho cari\u00f1o y emoci\u00f3n a nuestro exdirector, Sr. Luis Padilla Vilches<\/p>\n","protected":false},"author":7,"featured_media":655,"comment_status":"open","ping_status":"open","sticky":false,"template":"","format":"standard","meta":{"footnotes":""},"categories":[5],"tags":[],"class_list":["post-654","post","type-post","status-publish","format-standard","has-post-thumbnail","hentry","category-noticias"],"_links":{"self":[{"href":"https:\/\/www.coreduc.cl\/vbs\/wp-json\/wp\/v2\/posts\/654","targetHints":{"allow":["GET"]}}],"collection":[{"href":"https:\/\/www.coreduc.cl\/vbs\/wp-json\/wp\/v2\/posts"}],"about":[{"href":"https:\/\/www.coreduc.cl\/vbs\/wp-json\/wp\/v2\/types\/post"}],"author":[{"embeddable":true,"href":"https:\/\/www.coreduc.cl\/vbs\/wp-json\/wp\/v2\/users\/7"}],"replies":[{"embeddable":true,"href":"https:\/\/www.coreduc.cl\/vbs\/wp-json\/wp\/v2\/comments?post=654"}],"version-history":[{"count":2,"href":"https:\/\/www.coreduc.cl\/vbs\/wp-json\/wp\/v2\/posts\/654\/revisions"}],"predecessor-version":[{"id":657,"href":"https:\/\/www.coreduc.cl\/vbs\/wp-json\/wp\/v2\/posts\/654\/revisions\/657"}],"wp:featuredmedia":[{"embeddable":true,"href":"https:\/\/www.coreduc.cl\/vbs\/wp-json\/wp\/v2\/media\/655"}],"wp:attachment":[{"href":"https:\/\/www.coreduc.cl\/vbs\/wp-json\/wp\/v2\/media?parent=654"}],"wp:term":[{"taxonomy":"category","embeddable":true,"href":"https:\/\/www.coreduc.cl\/vbs\/wp-json\/wp\/v2\/categories?post=654"},{"taxonomy":"post_tag","embeddable":true,"href":"https:\/\/www.coreduc.cl\/vbs\/wp-json\/wp\/v2\/tags?post=654"}],"curies":[{"name":"wp","href":"https:\/\/api.w.org\/{rel}","templated":true}]}}