{"id":647,"date":"2021-03-02T13:51:32","date_gmt":"2021-03-02T17:51:32","guid":{"rendered":"https:\/\/www.coreduc.cl\/vbs\/?p=647"},"modified":"2021-03-02T13:51:32","modified_gmt":"2021-03-02T17:51:32","slug":"primer-dia-con-nuestros-docentes","status":"publish","type":"post","link":"https:\/\/www.coreduc.cl\/vbs\/primer-dia-con-nuestros-docentes\/","title":{"rendered":"Primer d\u00eda con nuestros docentes"},"content":{"rendered":"<div class=\"wpb-content-wrapper\"><p>[vc_row css_animation=&#8221;&#8221; row_type=&#8221;row&#8221; use_row_as_full_screen_section=&#8221;no&#8221; type=&#8221;full_width&#8221; angled_section=&#8221;no&#8221; text_align=&#8221;left&#8221; background_image_as_pattern=&#8221;without_pattern&#8221;][vc_column][vc_column_text]El d\u00eda lunes \u00a001 de marzo, se incorporaron a sus labores nuestros profesores y profesoras del liceo. Recibieron la bienvenida de parte del equipo directivo, junto con un momento de fraternidad en el patio para cumplir con las normativas de distanciamiento.<\/p>\n<p>Un reencuentro en el que predomin\u00f3 la alegr\u00eda y la esperanza, para el a\u00f1o escolar 2021.<\/p>\n<p>Revisa la publicaci\u00f3n en el siguiente <a href=\"https:\/\/www.facebook.com\/475404579256467\/posts\/2257015814428659\/?sfnsn=mo\"><strong>link<\/strong><\/a>.[\/vc_column_text][vc_empty_space][vc_gallery type=&#8221;image_grid&#8221; images=&#8221;649,650&#8243; img_size=&#8221;full&#8221; column_number=&#8221;2&#8243; grayscale=&#8221;no&#8221; images_space=&#8221;gallery_with_space&#8221;][\/vc_column][\/vc_row]<\/p>\n<\/div>","protected":false},"excerpt":{"rendered":"<p>El d\u00eda lunes  01 de marzo, se incorporaron a sus labores nuestros profesores y profesoras del liceo<\/p>\n","protected":false},"author":7,"featured_media":648,"comment_status":"open","ping_status":"open","sticky":false,"template":"","format":"standard","meta":{"footnotes":""},"categories":[5],"tags":[],"class_list":["post-647","post","type-post","status-publish","format-standard","has-post-thumbnail","hentry","category-noticias"],"_links":{"self":[{"href":"https:\/\/www.coreduc.cl\/vbs\/wp-json\/wp\/v2\/posts\/647","targetHints":{"allow":["GET"]}}],"collection":[{"href":"https:\/\/www.coreduc.cl\/vbs\/wp-json\/wp\/v2\/posts"}],"about":[{"href":"https:\/\/www.coreduc.cl\/vbs\/wp-json\/wp\/v2\/types\/post"}],"author":[{"embeddable":true,"href":"https:\/\/www.coreduc.cl\/vbs\/wp-json\/wp\/v2\/users\/7"}],"replies":[{"embeddable":true,"href":"https:\/\/www.coreduc.cl\/vbs\/wp-json\/wp\/v2\/comments?post=647"}],"version-history":[{"count":3,"href":"https:\/\/www.coreduc.cl\/vbs\/wp-json\/wp\/v2\/posts\/647\/revisions"}],"predecessor-version":[{"id":653,"href":"https:\/\/www.coreduc.cl\/vbs\/wp-json\/wp\/v2\/posts\/647\/revisions\/653"}],"wp:featuredmedia":[{"embeddable":true,"href":"https:\/\/www.coreduc.cl\/vbs\/wp-json\/wp\/v2\/media\/648"}],"wp:attachment":[{"href":"https:\/\/www.coreduc.cl\/vbs\/wp-json\/wp\/v2\/media?parent=647"}],"wp:term":[{"taxonomy":"category","embeddable":true,"href":"https:\/\/www.coreduc.cl\/vbs\/wp-json\/wp\/v2\/categories?post=647"},{"taxonomy":"post_tag","embeddable":true,"href":"https:\/\/www.coreduc.cl\/vbs\/wp-json\/wp\/v2\/tags?post=647"}],"curies":[{"name":"wp","href":"https:\/\/api.w.org\/{rel}","templated":true}]}}