{"id":2677,"date":"2024-09-09T09:41:34","date_gmt":"2024-09-09T13:41:34","guid":{"rendered":"https:\/\/www.coreduc.cl\/vbs\/?p=2677"},"modified":"2024-09-09T09:41:34","modified_gmt":"2024-09-09T13:41:34","slug":"accion-solidaria-pastoral-catolica","status":"publish","type":"post","link":"https:\/\/www.coreduc.cl\/vbs\/accion-solidaria-pastoral-catolica\/","title":{"rendered":"ACCI\u00d3N SOLIDARIA \u2013 PASTORAL CAT\u00d3LICA"},"content":{"rendered":"<div class=\"wpb-content-wrapper\"><p>[vc_row css_animation=&#8221;&#8221; row_type=&#8221;row&#8221; use_row_as_full_screen_section=&#8221;no&#8221; type=&#8221;full_width&#8221; angled_section=&#8221;no&#8221; text_align=&#8221;left&#8221; background_image_as_pattern=&#8221;without_pattern&#8221;][vc_column][vc_empty_space][vc_column_text css=&#8221;&#8221;]Con gran alegr\u00eda, luego de participar de la Santa Misa, los estudiantes de la pastoral cat\u00f3lica y de catequesis, realizaron una actividad de acci\u00f3n solidaria en el Jard\u00edn Infantil \u201cPablo Neruda\u201d ubicado a cuatro cuadras del liceo.<\/p>\n<p>Los estudiantes, junto a sus profesores, ejecutaron trabajos de pintura y hermosamiento de los espacios, con la finalidad de generar un ambiente agradable en jardines del recinto para los ni\u00f1os y funcionarios que d\u00eda a d\u00eda comparten ese lugar.<\/p>\n<p>As\u00ed trabajaron y vivenciaron la virtud de la caridad, en donaci\u00f3n de nuestro tiempo a otros que lo necesitan, solidarizando con las necesidades de nuestro entorno.[\/vc_column_text][vc_empty_space][vc_single_image image=&#8221;2678&#8243; img_size=&#8221;full&#8221; css=&#8221;&#8221; qode_css_animation=&#8221;&#8221;][\/vc_column][\/vc_row]<\/p>\n<\/div>","protected":false},"excerpt":{"rendered":"<p>El lunes 2 de septiembre dimos paso a un nuevo ciclo de capacitaci\u00f3n de Trabajo Seguro en Altura, realizado por la empresa SK Capacitaci\u00f3n<\/p>\n","protected":false},"author":7,"featured_media":2679,"comment_status":"open","ping_status":"open","sticky":false,"template":"","format":"standard","meta":{"footnotes":""},"categories":[5],"tags":[],"class_list":["post-2677","post","type-post","status-publish","format-standard","has-post-thumbnail","hentry","category-noticias"],"_links":{"self":[{"href":"https:\/\/www.coreduc.cl\/vbs\/wp-json\/wp\/v2\/posts\/2677","targetHints":{"allow":["GET"]}}],"collection":[{"href":"https:\/\/www.coreduc.cl\/vbs\/wp-json\/wp\/v2\/posts"}],"about":[{"href":"https:\/\/www.coreduc.cl\/vbs\/wp-json\/wp\/v2\/types\/post"}],"author":[{"embeddable":true,"href":"https:\/\/www.coreduc.cl\/vbs\/wp-json\/wp\/v2\/users\/7"}],"replies":[{"embeddable":true,"href":"https:\/\/www.coreduc.cl\/vbs\/wp-json\/wp\/v2\/comments?post=2677"}],"version-history":[{"count":1,"href":"https:\/\/www.coreduc.cl\/vbs\/wp-json\/wp\/v2\/posts\/2677\/revisions"}],"predecessor-version":[{"id":2680,"href":"https:\/\/www.coreduc.cl\/vbs\/wp-json\/wp\/v2\/posts\/2677\/revisions\/2680"}],"wp:featuredmedia":[{"embeddable":true,"href":"https:\/\/www.coreduc.cl\/vbs\/wp-json\/wp\/v2\/media\/2679"}],"wp:attachment":[{"href":"https:\/\/www.coreduc.cl\/vbs\/wp-json\/wp\/v2\/media?parent=2677"}],"wp:term":[{"taxonomy":"category","embeddable":true,"href":"https:\/\/www.coreduc.cl\/vbs\/wp-json\/wp\/v2\/categories?post=2677"},{"taxonomy":"post_tag","embeddable":true,"href":"https:\/\/www.coreduc.cl\/vbs\/wp-json\/wp\/v2\/tags?post=2677"}],"curies":[{"name":"wp","href":"https:\/\/api.w.org\/{rel}","templated":true}]}}