{"id":2666,"date":"2024-09-03T10:13:50","date_gmt":"2024-09-03T14:13:50","guid":{"rendered":"https:\/\/www.coreduc.cl\/vbs\/?p=2666"},"modified":"2024-09-03T10:13:54","modified_gmt":"2024-09-03T14:13:54","slug":"semana-de-la-educacion-tecnico-profesional-salidas-pedagogicas","status":"publish","type":"post","link":"https:\/\/www.coreduc.cl\/vbs\/semana-de-la-educacion-tecnico-profesional-salidas-pedagogicas\/","title":{"rendered":"SEMANA DE LA EDUCACI\u00d3N T\u00c9CNICO PROFESIONAL \u2013 SALIDAS PEDAG\u00d3GICAS"},"content":{"rendered":"<div class=\"wpb-content-wrapper\"><p>[vc_row css_animation=&#8221;&#8221; row_type=&#8221;row&#8221; use_row_as_full_screen_section=&#8221;no&#8221; type=&#8221;full_width&#8221; angled_section=&#8221;no&#8221; text_align=&#8221;left&#8221; background_image_as_pattern=&#8221;without_pattern&#8221;][vc_column][vc_empty_space][vc_column_text css=&#8221;&#8221;]Para finalizar la semana t\u00e9cnico profesional, los estudiantes de tercer a\u00f1o medio de las especialidades de Construcci\u00f3n y de Refrigeraci\u00f3n y Climatizaci\u00f3n, participaron junto a sus profesores del 1\u00b0 Encuentro Futuro en Construcci\u00f3n, liderado por la C\u00e1mara Chilena de la Construcci\u00f3n la que tuvo como finalidad involucrar a los estudiantes en las nuevas t\u00e9cnicas en construcci\u00f3n, visualizando una educaci\u00f3n de futuro en esta \u00e1rea, donde el centro de atenci\u00f3n fue el amortiguador de masa de 150 mil kilos que evita el balanceo en caso de sismo el cual se encuentra dentro del recinto, tambi\u00e9n los estudiantes participaron de la exposici\u00f3n en nuevas tecnolog\u00edas y de diversas actividades l\u00fadicas. En forma paralela, el mismo d\u00eda los estudiantes de cuarto medio de la especialidad de Construcciones Met\u00e1licas particip\u00f3 del \u201ctaller de aplicaci\u00f3n y herramientas de construcci\u00f3n\u201d en AEIP, donde participaron junto al expositor y docentes del liceo en la tem\u00e1tica que les ten\u00edan preparadas. Agradecemos cerrar esta semana, con estas actividades que dan realce al \u00e1rea t\u00e9cnico profesional.[\/vc_column_text][vc_empty_space][vc_single_image image=&#8221;2668&#8243; img_size=&#8221;full&#8221; css=&#8221;&#8221; qode_css_animation=&#8221;&#8221;][\/vc_column][\/vc_row]<\/p>\n<\/div>","protected":false},"excerpt":{"rendered":"<p>Para finalizar la semana t\u00e9cnico profesional, los estudiantes de tercer a\u00f1o medio de las especialidades de Construcci\u00f3n y de Refrigeraci\u00f3n y Climatizaci\u00f3n<\/p>\n","protected":false},"author":7,"featured_media":2669,"comment_status":"open","ping_status":"open","sticky":false,"template":"","format":"standard","meta":{"footnotes":""},"categories":[5],"tags":[],"class_list":["post-2666","post","type-post","status-publish","format-standard","has-post-thumbnail","hentry","category-noticias"],"_links":{"self":[{"href":"https:\/\/www.coreduc.cl\/vbs\/wp-json\/wp\/v2\/posts\/2666","targetHints":{"allow":["GET"]}}],"collection":[{"href":"https:\/\/www.coreduc.cl\/vbs\/wp-json\/wp\/v2\/posts"}],"about":[{"href":"https:\/\/www.coreduc.cl\/vbs\/wp-json\/wp\/v2\/types\/post"}],"author":[{"embeddable":true,"href":"https:\/\/www.coreduc.cl\/vbs\/wp-json\/wp\/v2\/users\/7"}],"replies":[{"embeddable":true,"href":"https:\/\/www.coreduc.cl\/vbs\/wp-json\/wp\/v2\/comments?post=2666"}],"version-history":[{"count":2,"href":"https:\/\/www.coreduc.cl\/vbs\/wp-json\/wp\/v2\/posts\/2666\/revisions"}],"predecessor-version":[{"id":2670,"href":"https:\/\/www.coreduc.cl\/vbs\/wp-json\/wp\/v2\/posts\/2666\/revisions\/2670"}],"wp:featuredmedia":[{"embeddable":true,"href":"https:\/\/www.coreduc.cl\/vbs\/wp-json\/wp\/v2\/media\/2669"}],"wp:attachment":[{"href":"https:\/\/www.coreduc.cl\/vbs\/wp-json\/wp\/v2\/media?parent=2666"}],"wp:term":[{"taxonomy":"category","embeddable":true,"href":"https:\/\/www.coreduc.cl\/vbs\/wp-json\/wp\/v2\/categories?post=2666"},{"taxonomy":"post_tag","embeddable":true,"href":"https:\/\/www.coreduc.cl\/vbs\/wp-json\/wp\/v2\/tags?post=2666"}],"curies":[{"name":"wp","href":"https:\/\/api.w.org\/{rel}","templated":true}]}}