{"id":2656,"date":"2024-09-02T10:24:06","date_gmt":"2024-09-02T14:24:06","guid":{"rendered":"https:\/\/www.coreduc.cl\/vbs\/?p=2656"},"modified":"2024-09-02T10:24:38","modified_gmt":"2024-09-02T14:24:38","slug":"semana-de-la-educacion-tecnico-profesional-charlas-empresarios","status":"publish","type":"post","link":"https:\/\/www.coreduc.cl\/vbs\/semana-de-la-educacion-tecnico-profesional-charlas-empresarios\/","title":{"rendered":"SEMANA DE LA EDUCACI\u00d3N T\u00c9CNICO PROFESIONAL \u2013 CHARLAS EMPRESARIOS"},"content":{"rendered":"<div class=\"wpb-content-wrapper\"><p>[vc_row css_animation=&#8221;&#8221; row_type=&#8221;row&#8221; use_row_as_full_screen_section=&#8221;no&#8221; type=&#8221;full_width&#8221; angled_section=&#8221;no&#8221; text_align=&#8221;left&#8221; background_image_as_pattern=&#8221;without_pattern&#8221;][vc_column][vc_empty_space][vc_column_text css=&#8221;&#8221;]Durante la semana t\u00e9cnico profesional, hemos recibido la visita de distintos empresarios, quienes realizaron diversas charlas a nuestros estudiantes.<\/p>\n<p>Contamos con la visita de don Luis Gonz\u00e1lez Fuenzalida, empresa ICEMEL, quien expuso sobre el \u201cFuncionamiento mec\u00e1nico en refrigeraci\u00f3n\u201d a estudiantes de los cursos 3 medio A y 4 medio A, posteriormente recibimos a don Alexis Andrade S\u00e1nchez, de la empresa ANWO, el cual realiz\u00f3 una charla t\u00e9cnica referente a \u201cCalefacci\u00f3n b\u00e1sica\u201d para estudiantes del 3 medio A y de \u201cCalefacci\u00f3n avanzada\u201d para estudiantes del 4 medio A. El jueves recibimos a don Jos\u00e9 Strobel Soto de la empresa Carrera y Soto Ltda, el cual se reuni\u00f3 con los estudiantes de los cursos 3 medio C y 4 medio C, con los cuales profundizaron el tema \u201cC\u00f3mo emprender en la especialidad de Muebles y Terminaciones en Madera\u201d y por \u00faltimo, nos visit\u00f3 don Leonardo Mora Leiva de la empresa Maestranza San Marco, quien expuso a los estudiantes del curso 3 medio D, sobre \u201cProyecci\u00f3n laboral y de estudios superiores\u201d<\/p>\n<p>Agradecemos la coordinaci\u00f3n y presencia de todos quienes dentro de su apretada agenda empresarial, pueden tomarse un tiempo para compartir sus experiencias, t\u00e9cnicas y profesionalismo a nuestros estudiantes, quienes ser\u00e1n los futuros t\u00e9cnicos en sus mismas \u00e1reas.[\/vc_column_text][vc_empty_space][vc_single_image image=&#8221;2658&#8243; img_size=&#8221;full&#8221; css=&#8221;&#8221; qode_css_animation=&#8221;&#8221;][\/vc_column][\/vc_row]<\/p>\n<\/div>","protected":false},"excerpt":{"rendered":"<p>Durante la semana t\u00e9cnico profesional, hemos recibido la visita de distintos empresarios, quienes realizaron diversas charlas a nuestros estudiantes<\/p>\n","protected":false},"author":7,"featured_media":2659,"comment_status":"open","ping_status":"open","sticky":false,"template":"","format":"standard","meta":{"footnotes":""},"categories":[5],"tags":[],"class_list":["post-2656","post","type-post","status-publish","format-standard","has-post-thumbnail","hentry","category-noticias"],"_links":{"self":[{"href":"https:\/\/www.coreduc.cl\/vbs\/wp-json\/wp\/v2\/posts\/2656","targetHints":{"allow":["GET"]}}],"collection":[{"href":"https:\/\/www.coreduc.cl\/vbs\/wp-json\/wp\/v2\/posts"}],"about":[{"href":"https:\/\/www.coreduc.cl\/vbs\/wp-json\/wp\/v2\/types\/post"}],"author":[{"embeddable":true,"href":"https:\/\/www.coreduc.cl\/vbs\/wp-json\/wp\/v2\/users\/7"}],"replies":[{"embeddable":true,"href":"https:\/\/www.coreduc.cl\/vbs\/wp-json\/wp\/v2\/comments?post=2656"}],"version-history":[{"count":2,"href":"https:\/\/www.coreduc.cl\/vbs\/wp-json\/wp\/v2\/posts\/2656\/revisions"}],"predecessor-version":[{"id":2660,"href":"https:\/\/www.coreduc.cl\/vbs\/wp-json\/wp\/v2\/posts\/2656\/revisions\/2660"}],"wp:featuredmedia":[{"embeddable":true,"href":"https:\/\/www.coreduc.cl\/vbs\/wp-json\/wp\/v2\/media\/2659"}],"wp:attachment":[{"href":"https:\/\/www.coreduc.cl\/vbs\/wp-json\/wp\/v2\/media?parent=2656"}],"wp:term":[{"taxonomy":"category","embeddable":true,"href":"https:\/\/www.coreduc.cl\/vbs\/wp-json\/wp\/v2\/categories?post=2656"},{"taxonomy":"post_tag","embeddable":true,"href":"https:\/\/www.coreduc.cl\/vbs\/wp-json\/wp\/v2\/tags?post=2656"}],"curies":[{"name":"wp","href":"https:\/\/api.w.org\/{rel}","templated":true}]}}