{"id":2651,"date":"2024-08-29T17:34:26","date_gmt":"2024-08-29T21:34:26","guid":{"rendered":"https:\/\/www.coreduc.cl\/vbs\/?p=2651"},"modified":"2024-08-29T17:34:26","modified_gmt":"2024-08-29T21:34:26","slug":"semana-de-la-educacion-tecnico-profesional-charlas","status":"publish","type":"post","link":"https:\/\/www.coreduc.cl\/vbs\/semana-de-la-educacion-tecnico-profesional-charlas\/","title":{"rendered":"SEMANA DE LA EDUCACI\u00d3N T\u00c9CNICO PROFESIONAL \u2013 CHARLAS"},"content":{"rendered":"<div class=\"wpb-content-wrapper\"><p>[vc_row css_animation=&#8221;&#8221; row_type=&#8221;row&#8221; use_row_as_full_screen_section=&#8221;no&#8221; type=&#8221;full_width&#8221; angled_section=&#8221;no&#8221; text_align=&#8221;left&#8221; background_image_as_pattern=&#8221;without_pattern&#8221;][vc_column][vc_empty_space][vc_column_text css=&#8221;&#8221;]El d\u00eda martes 27 de agosto, junto con las rotaciones de los estudiantes de 2 a\u00f1os medios a los distintos talleres de las especialidades, se realiz\u00f3 la charla sobre \u201cMujeres exitosas en el \u00e1rea t\u00e9cnico profesional\u201d liderada por las profesoras Ruth Soto Pacheco, docente del \u00e1rea de Refrigeraci\u00f3n y Climatizaci\u00f3n y de la profesora Ana Alarc\u00f3n Legrand, del sector de Historia y Geograf\u00eda.<\/p>\n<p>Instancia en la cual, se expuso sobre la identidad de g\u00e9nero, en el \u00e1rea t\u00e9cnico profesional y sector de construcci\u00f3n, posteriormente se escucharon los testimonios de las exestudiantes: Estefan\u00eda Roa Pineda, del \u00e1rea de Refrigeraci\u00f3n y Climatizaci\u00f3n, quien est\u00e1 actualmente en el proceso de tesis de la carrera de Arquitectura de la Universidad Cat\u00f3lica de Chile; Karla Pernia, egresada de Muebles y Terminaciones en Madera, actualmente estudiando Bioqu\u00edmica en la Universidad Cat\u00f3lica de Chile y de la exestudiante, Patricia Torres Garrido, quien fue la primera mujer en ingresar como alumna de este liceo en el a\u00f1o 1992, egresada de la carrera de Edificaci\u00f3n y quien ahora se encuentra trabajando en el cargo de administradora de obras en Constructora San Fernando S.A.<\/p>\n<p>Agradecemos la presencia de todas las estudiantes, funcionarias, equipo directivo y estudiantes varones quienes en conjunto, fueron un aporte con su participaci\u00f3n y preguntas al panel, como tambi\u00e9n la presencia de nuestra exdirectora, Sra. Adela Cornejo Alarc\u00f3n y su saludo al estudiantado.[\/vc_column_text][vc_empty_space][vc_single_image image=&#8221;2653&#8243; img_size=&#8221;full&#8221; css=&#8221;&#8221; qode_css_animation=&#8221;&#8221;][\/vc_column][\/vc_row]<\/p>\n<\/div>","protected":false},"excerpt":{"rendered":"<p>El d\u00eda martes 27 de agosto, junto con las rotaciones de los estudiantes de 2 a\u00f1os medios a los distintos talleres de las especialidades<\/p>\n","protected":false},"author":7,"featured_media":2654,"comment_status":"open","ping_status":"open","sticky":false,"template":"","format":"standard","meta":{"footnotes":""},"categories":[5],"tags":[],"class_list":["post-2651","post","type-post","status-publish","format-standard","has-post-thumbnail","hentry","category-noticias"],"_links":{"self":[{"href":"https:\/\/www.coreduc.cl\/vbs\/wp-json\/wp\/v2\/posts\/2651","targetHints":{"allow":["GET"]}}],"collection":[{"href":"https:\/\/www.coreduc.cl\/vbs\/wp-json\/wp\/v2\/posts"}],"about":[{"href":"https:\/\/www.coreduc.cl\/vbs\/wp-json\/wp\/v2\/types\/post"}],"author":[{"embeddable":true,"href":"https:\/\/www.coreduc.cl\/vbs\/wp-json\/wp\/v2\/users\/7"}],"replies":[{"embeddable":true,"href":"https:\/\/www.coreduc.cl\/vbs\/wp-json\/wp\/v2\/comments?post=2651"}],"version-history":[{"count":2,"href":"https:\/\/www.coreduc.cl\/vbs\/wp-json\/wp\/v2\/posts\/2651\/revisions"}],"predecessor-version":[{"id":2655,"href":"https:\/\/www.coreduc.cl\/vbs\/wp-json\/wp\/v2\/posts\/2651\/revisions\/2655"}],"wp:featuredmedia":[{"embeddable":true,"href":"https:\/\/www.coreduc.cl\/vbs\/wp-json\/wp\/v2\/media\/2654"}],"wp:attachment":[{"href":"https:\/\/www.coreduc.cl\/vbs\/wp-json\/wp\/v2\/media?parent=2651"}],"wp:term":[{"taxonomy":"category","embeddable":true,"href":"https:\/\/www.coreduc.cl\/vbs\/wp-json\/wp\/v2\/categories?post=2651"},{"taxonomy":"post_tag","embeddable":true,"href":"https:\/\/www.coreduc.cl\/vbs\/wp-json\/wp\/v2\/tags?post=2651"}],"curies":[{"name":"wp","href":"https:\/\/api.w.org\/{rel}","templated":true}]}}