{"id":2646,"date":"2024-08-27T09:50:27","date_gmt":"2024-08-27T13:50:27","guid":{"rendered":"https:\/\/www.coreduc.cl\/vbs\/?p=2646"},"modified":"2024-08-27T09:50:27","modified_gmt":"2024-08-27T13:50:27","slug":"semana-de-la-educacion-tecnico-profesional-feria-educacion-superior","status":"publish","type":"post","link":"https:\/\/www.coreduc.cl\/vbs\/semana-de-la-educacion-tecnico-profesional-feria-educacion-superior\/","title":{"rendered":"SEMANA DE LA EDUCACI\u00d3N T\u00c9CNICO PROFESIONAL \u2013 FERIA EDUCACI\u00d3N SUPERIOR"},"content":{"rendered":"<div class=\"wpb-content-wrapper\"><p>[vc_row css_animation=&#8221;&#8221; row_type=&#8221;row&#8221; use_row_as_full_screen_section=&#8221;no&#8221; type=&#8221;full_width&#8221; angled_section=&#8221;no&#8221; text_align=&#8221;left&#8221; background_image_as_pattern=&#8221;without_pattern&#8221;][vc_column][vc_empty_space][vc_column_text css=&#8221;&#8221;]Hoy lunes 26 de agosto, d\u00eda en que celebramos la Educaci\u00f3n T\u00e9cnico Profesional en Chile, damos pie a una semana cargada de actividades que realzan el valor de nuestro proyecto educativo.<\/p>\n<p>Los jefes de especialidad expusieron a los estudiantes de 2 a\u00f1os medios, la malla, perfil de egreso y sello de cada una de ellas, acompa\u00f1ada de testimonios de exestudiantes que hoy en d\u00eda se encuentran trabajando en el rubro de la construcci\u00f3n.<\/p>\n<p>Adem\u00e1s, durante la ma\u00f1ana, diversas entidades de educaci\u00f3n superior estuvieron a disposici\u00f3n de los distintos estudiantes quienes se acercaron para resolver dudas y ver propuestas educativas de proyecci\u00f3n. Agradecemos a: USACH, UNIACC, UDLA, Universidad San Sebasti\u00e1n, DUOC UC, INACAP, AEIP, Lili (que es una propuesta de inserci\u00f3n laboral en el \u00e1rea de la construcci\u00f3n) y MUTUAL de Seguridad por su presencia en esta gran semana donde se cumplen 82 a\u00f1os de la educaci\u00f3n t\u00e9cnico superior.[\/vc_column_text][vc_empty_space][vc_single_image image=&#8221;2649&#8243; img_size=&#8221;full&#8221; css=&#8221;&#8221; qode_css_animation=&#8221;&#8221;][\/vc_column][\/vc_row]<\/p>\n<\/div>","protected":false},"excerpt":{"rendered":"<p>Hoy lunes 26 de agosto, d\u00eda en que celebramos la Educaci\u00f3n T\u00e9cnico Profesional en Chile<\/p>\n","protected":false},"author":7,"featured_media":2648,"comment_status":"open","ping_status":"open","sticky":false,"template":"","format":"standard","meta":{"footnotes":""},"categories":[5],"tags":[],"class_list":["post-2646","post","type-post","status-publish","format-standard","has-post-thumbnail","hentry","category-noticias"],"_links":{"self":[{"href":"https:\/\/www.coreduc.cl\/vbs\/wp-json\/wp\/v2\/posts\/2646","targetHints":{"allow":["GET"]}}],"collection":[{"href":"https:\/\/www.coreduc.cl\/vbs\/wp-json\/wp\/v2\/posts"}],"about":[{"href":"https:\/\/www.coreduc.cl\/vbs\/wp-json\/wp\/v2\/types\/post"}],"author":[{"embeddable":true,"href":"https:\/\/www.coreduc.cl\/vbs\/wp-json\/wp\/v2\/users\/7"}],"replies":[{"embeddable":true,"href":"https:\/\/www.coreduc.cl\/vbs\/wp-json\/wp\/v2\/comments?post=2646"}],"version-history":[{"count":2,"href":"https:\/\/www.coreduc.cl\/vbs\/wp-json\/wp\/v2\/posts\/2646\/revisions"}],"predecessor-version":[{"id":2650,"href":"https:\/\/www.coreduc.cl\/vbs\/wp-json\/wp\/v2\/posts\/2646\/revisions\/2650"}],"wp:featuredmedia":[{"embeddable":true,"href":"https:\/\/www.coreduc.cl\/vbs\/wp-json\/wp\/v2\/media\/2648"}],"wp:attachment":[{"href":"https:\/\/www.coreduc.cl\/vbs\/wp-json\/wp\/v2\/media?parent=2646"}],"wp:term":[{"taxonomy":"category","embeddable":true,"href":"https:\/\/www.coreduc.cl\/vbs\/wp-json\/wp\/v2\/categories?post=2646"},{"taxonomy":"post_tag","embeddable":true,"href":"https:\/\/www.coreduc.cl\/vbs\/wp-json\/wp\/v2\/tags?post=2646"}],"curies":[{"name":"wp","href":"https:\/\/api.w.org\/{rel}","templated":true}]}}