{"id":2622,"date":"2024-08-05T10:39:39","date_gmt":"2024-08-05T14:39:39","guid":{"rendered":"https:\/\/www.coreduc.cl\/vbs\/?p=2622"},"modified":"2024-08-05T10:39:39","modified_gmt":"2024-08-05T14:39:39","slug":"entrega-de-equipamiento-sad-2023","status":"publish","type":"post","link":"https:\/\/www.coreduc.cl\/vbs\/entrega-de-equipamiento-sad-2023\/","title":{"rendered":"ENTREGA DE EQUIPAMIENTO SAD 2023"},"content":{"rendered":"<div class=\"wpb-content-wrapper\"><p>[vc_row css_animation=&#8221;&#8221; row_type=&#8221;row&#8221; use_row_as_full_screen_section=&#8221;no&#8221; type=&#8221;full_width&#8221; angled_section=&#8221;no&#8221; text_align=&#8221;left&#8221; background_image_as_pattern=&#8221;without_pattern&#8221;][vc_column][vc_empty_space][vc_column_text css=&#8221;&#8221;]Este mi\u00e9rcoles 31 de julio, se realiz\u00f3 el acta de entrega de equipamiento otorgado por el proyecto de Sistema de Administraci\u00f3n Delegada 2023. En esta oportunidad, funcionarias de la Unidad de Administraci\u00f3n Delegada del Ministerio de Educaci\u00f3n, junto al director de desarrollo y formaci\u00f3n t\u00e9cnica de la Corporaci\u00f3n Educacional de la Construcci\u00f3n, realizaron el chequeo respectivo en las especialidad de Muebles y Terminaciones en Madera, Construcciones Met\u00e1licas y Refrigeraci\u00f3n y Climatizaci\u00f3n, donde los jefes de especialidad con sus estudiantes presentaron las diversas maquinarias y equipamientos adquiridos a trav\u00e9s del proyecto. Sin lugar a dudas damos las gracias a COREDUC y MINEDUC por convocarnos a los diversos proyectos que nos permiten innovar y contar con las herramientas que se adecuan a lo que nuestros estudiantes encontrar\u00e1n en sus lugares de aprendizaje.[\/vc_column_text][vc_empty_space][vc_single_image image=&#8221;2624&#8243; img_size=&#8221;full&#8221; css=&#8221;&#8221; qode_css_animation=&#8221;&#8221;][\/vc_column][\/vc_row]<\/p>\n<\/div>","protected":false},"excerpt":{"rendered":"<p>Este mi\u00e9rcoles 31 de julio, se realiz\u00f3 el acta de entrega de equipamiento otorgado por el proyecto de Sistema de Administraci\u00f3n Delegada 2023<\/p>\n","protected":false},"author":7,"featured_media":2625,"comment_status":"open","ping_status":"open","sticky":false,"template":"","format":"standard","meta":{"footnotes":""},"categories":[5],"tags":[],"class_list":["post-2622","post","type-post","status-publish","format-standard","has-post-thumbnail","hentry","category-noticias"],"_links":{"self":[{"href":"https:\/\/www.coreduc.cl\/vbs\/wp-json\/wp\/v2\/posts\/2622","targetHints":{"allow":["GET"]}}],"collection":[{"href":"https:\/\/www.coreduc.cl\/vbs\/wp-json\/wp\/v2\/posts"}],"about":[{"href":"https:\/\/www.coreduc.cl\/vbs\/wp-json\/wp\/v2\/types\/post"}],"author":[{"embeddable":true,"href":"https:\/\/www.coreduc.cl\/vbs\/wp-json\/wp\/v2\/users\/7"}],"replies":[{"embeddable":true,"href":"https:\/\/www.coreduc.cl\/vbs\/wp-json\/wp\/v2\/comments?post=2622"}],"version-history":[{"count":2,"href":"https:\/\/www.coreduc.cl\/vbs\/wp-json\/wp\/v2\/posts\/2622\/revisions"}],"predecessor-version":[{"id":2626,"href":"https:\/\/www.coreduc.cl\/vbs\/wp-json\/wp\/v2\/posts\/2622\/revisions\/2626"}],"wp:featuredmedia":[{"embeddable":true,"href":"https:\/\/www.coreduc.cl\/vbs\/wp-json\/wp\/v2\/media\/2625"}],"wp:attachment":[{"href":"https:\/\/www.coreduc.cl\/vbs\/wp-json\/wp\/v2\/media?parent=2622"}],"wp:term":[{"taxonomy":"category","embeddable":true,"href":"https:\/\/www.coreduc.cl\/vbs\/wp-json\/wp\/v2\/categories?post=2622"},{"taxonomy":"post_tag","embeddable":true,"href":"https:\/\/www.coreduc.cl\/vbs\/wp-json\/wp\/v2\/tags?post=2622"}],"curies":[{"name":"wp","href":"https:\/\/api.w.org\/{rel}","templated":true}]}}