{"id":2611,"date":"2024-07-22T11:40:44","date_gmt":"2024-07-22T15:40:44","guid":{"rendered":"https:\/\/www.coreduc.cl\/vbs\/?p=2611"},"modified":"2024-07-22T11:40:44","modified_gmt":"2024-07-22T15:40:44","slug":"programa-cchc-asistiendo-a-clases-aprendo-mas","status":"publish","type":"post","link":"https:\/\/www.coreduc.cl\/vbs\/programa-cchc-asistiendo-a-clases-aprendo-mas\/","title":{"rendered":"PROGRAMA CChC \u2013 ASISTIENDO A CLASES, APRENDO M\u00c1S"},"content":{"rendered":"<div class=\"wpb-content-wrapper\"><p>[vc_row css_animation=&#8221;&#8221; row_type=&#8221;row&#8221; use_row_as_full_screen_section=&#8221;no&#8221; type=&#8221;full_width&#8221; angled_section=&#8221;no&#8221; text_align=&#8221;left&#8221; background_image_as_pattern=&#8221;without_pattern&#8221;][vc_column][vc_empty_space][vc_column_text css=&#8221;&#8221;]El jueves 18 de julio, se llev\u00f3 a cabo la difusi\u00f3n del lanzamiento del programa financiado por la C\u00e1mara Chilena de la Construcci\u00f3n \u201cAsistiendo a clases, aprendo m\u00e1s\u201d, la cual busca que los liceos administrados por la Corporaci\u00f3n Educacional de la Construcci\u00f3n incentiven efectivamente a sus estudiantes para lograr una buena asistencia a clases, la cual va a en directo beneficio del logro de los aprendizajes durante su a\u00f1o acad\u00e9mico.<br \/>\nPara llevar a cabo \u00e9sta difusi\u00f3n, se realiz\u00f3 un acto c\u00edvico, adem\u00e1s de informar curso por curso la din\u00e1mica del proyecto.<br \/>\nAl mismo tiempo, el curso que obtuvo la mejor asistencia durante el primer semestre, fue homenajeado con un desayuno junto a su profesor jefe e inspectora de nivel.<br \/>\nAgradecemos el incentivo que nos ayuda a fortalecer y trabajar en los estudiantes el h\u00e1bito de la asistencia como eje esencial de todo nuestro trabajo educativo.<br \/>\n[\/vc_column_text][vc_empty_space][vc_single_image image=&#8221;2613&#8243; img_size=&#8221;full&#8221; css=&#8221;&#8221; qode_css_animation=&#8221;&#8221;][\/vc_column][\/vc_row]<\/p>\n<\/div>","protected":false},"excerpt":{"rendered":"<p>El jueves 18 de julio, se llev\u00f3 a cabo la difusi\u00f3n del lanzamiento del programa financiado por la C\u00e1mara Chilena de la Construcci\u00f3n<\/p>\n","protected":false},"author":7,"featured_media":2614,"comment_status":"open","ping_status":"open","sticky":false,"template":"","format":"standard","meta":{"footnotes":""},"categories":[5],"tags":[],"class_list":["post-2611","post","type-post","status-publish","format-standard","has-post-thumbnail","hentry","category-noticias"],"_links":{"self":[{"href":"https:\/\/www.coreduc.cl\/vbs\/wp-json\/wp\/v2\/posts\/2611","targetHints":{"allow":["GET"]}}],"collection":[{"href":"https:\/\/www.coreduc.cl\/vbs\/wp-json\/wp\/v2\/posts"}],"about":[{"href":"https:\/\/www.coreduc.cl\/vbs\/wp-json\/wp\/v2\/types\/post"}],"author":[{"embeddable":true,"href":"https:\/\/www.coreduc.cl\/vbs\/wp-json\/wp\/v2\/users\/7"}],"replies":[{"embeddable":true,"href":"https:\/\/www.coreduc.cl\/vbs\/wp-json\/wp\/v2\/comments?post=2611"}],"version-history":[{"count":2,"href":"https:\/\/www.coreduc.cl\/vbs\/wp-json\/wp\/v2\/posts\/2611\/revisions"}],"predecessor-version":[{"id":2615,"href":"https:\/\/www.coreduc.cl\/vbs\/wp-json\/wp\/v2\/posts\/2611\/revisions\/2615"}],"wp:featuredmedia":[{"embeddable":true,"href":"https:\/\/www.coreduc.cl\/vbs\/wp-json\/wp\/v2\/media\/2614"}],"wp:attachment":[{"href":"https:\/\/www.coreduc.cl\/vbs\/wp-json\/wp\/v2\/media?parent=2611"}],"wp:term":[{"taxonomy":"category","embeddable":true,"href":"https:\/\/www.coreduc.cl\/vbs\/wp-json\/wp\/v2\/categories?post=2611"},{"taxonomy":"post_tag","embeddable":true,"href":"https:\/\/www.coreduc.cl\/vbs\/wp-json\/wp\/v2\/tags?post=2611"}],"curies":[{"name":"wp","href":"https:\/\/api.w.org\/{rel}","templated":true}]}}