{"id":2595,"date":"2024-07-08T15:24:43","date_gmt":"2024-07-08T19:24:43","guid":{"rendered":"https:\/\/www.coreduc.cl\/vbs\/?p=2595"},"modified":"2024-07-08T15:24:43","modified_gmt":"2024-07-08T19:24:43","slug":"capacitacion-ley-tea","status":"publish","type":"post","link":"https:\/\/www.coreduc.cl\/vbs\/capacitacion-ley-tea\/","title":{"rendered":"CAPACITACI\u00d3N LEY TEA"},"content":{"rendered":"<div class=\"wpb-content-wrapper\"><p>[vc_row css_animation=&#8221;&#8221; row_type=&#8221;row&#8221; use_row_as_full_screen_section=&#8221;no&#8221; type=&#8221;full_width&#8221; angled_section=&#8221;no&#8221; text_align=&#8221;left&#8221; background_image_as_pattern=&#8221;without_pattern&#8221;][vc_column][vc_empty_space][vc_column_text css=&#8221;&#8221;]Los d\u00edas 19 y 21 de junio, se realiz\u00f3 la capacitaci\u00f3n en la Ley N\u00b021.545, referente al Trastorno del Espectro Autista (TEA)<\/p>\n<p>La capacitaci\u00f3n fue realizada por el Grupo Training, en la cual participaron todos los funcionarios, siendo una instancia enriquecedora donde se revolvieron diversas dudas referentes a las distintas tem\u00e1ticas que ata\u00f1en a esta ley, la cual implica establecer la promoci\u00f3n de la inclusi\u00f3n, la atenci\u00f3n integral y la protecci\u00f3n de los derechos de todos los estudiantes de nuestro liceo.[\/vc_column_text][vc_empty_space][vc_single_image image=&#8221;2598&#8243; img_size=&#8221;full&#8221; css=&#8221;&#8221; qode_css_animation=&#8221;&#8221;][\/vc_column][\/vc_row]<\/p>\n<\/div>","protected":false},"excerpt":{"rendered":"<p>Los d\u00edas 19 y 21 de junio, se realiz\u00f3 la capacitaci\u00f3n en la Ley N\u00b021.545, referente al Trastorno del Espectro Autista (TEA)<\/p>\n","protected":false},"author":7,"featured_media":2597,"comment_status":"open","ping_status":"open","sticky":false,"template":"","format":"standard","meta":{"footnotes":""},"categories":[5],"tags":[],"class_list":["post-2595","post","type-post","status-publish","format-standard","has-post-thumbnail","hentry","category-noticias"],"_links":{"self":[{"href":"https:\/\/www.coreduc.cl\/vbs\/wp-json\/wp\/v2\/posts\/2595","targetHints":{"allow":["GET"]}}],"collection":[{"href":"https:\/\/www.coreduc.cl\/vbs\/wp-json\/wp\/v2\/posts"}],"about":[{"href":"https:\/\/www.coreduc.cl\/vbs\/wp-json\/wp\/v2\/types\/post"}],"author":[{"embeddable":true,"href":"https:\/\/www.coreduc.cl\/vbs\/wp-json\/wp\/v2\/users\/7"}],"replies":[{"embeddable":true,"href":"https:\/\/www.coreduc.cl\/vbs\/wp-json\/wp\/v2\/comments?post=2595"}],"version-history":[{"count":2,"href":"https:\/\/www.coreduc.cl\/vbs\/wp-json\/wp\/v2\/posts\/2595\/revisions"}],"predecessor-version":[{"id":2599,"href":"https:\/\/www.coreduc.cl\/vbs\/wp-json\/wp\/v2\/posts\/2595\/revisions\/2599"}],"wp:featuredmedia":[{"embeddable":true,"href":"https:\/\/www.coreduc.cl\/vbs\/wp-json\/wp\/v2\/media\/2597"}],"wp:attachment":[{"href":"https:\/\/www.coreduc.cl\/vbs\/wp-json\/wp\/v2\/media?parent=2595"}],"wp:term":[{"taxonomy":"category","embeddable":true,"href":"https:\/\/www.coreduc.cl\/vbs\/wp-json\/wp\/v2\/categories?post=2595"},{"taxonomy":"post_tag","embeddable":true,"href":"https:\/\/www.coreduc.cl\/vbs\/wp-json\/wp\/v2\/tags?post=2595"}],"curies":[{"name":"wp","href":"https:\/\/api.w.org\/{rel}","templated":true}]}}