{"id":2580,"date":"2024-06-18T16:26:25","date_gmt":"2024-06-18T20:26:25","guid":{"rendered":"https:\/\/www.coreduc.cl\/vbs\/?p=2580"},"modified":"2024-06-18T16:26:25","modified_gmt":"2024-06-18T20:26:25","slug":"capacitacion-ley-21-643","status":"publish","type":"post","link":"https:\/\/www.coreduc.cl\/vbs\/capacitacion-ley-21-643\/","title":{"rendered":"CAPACITACI\u00d3N LEY 21.643"},"content":{"rendered":"<div class=\"wpb-content-wrapper\"><p>[vc_row css_animation=&#8221;&#8221; row_type=&#8221;row&#8221; use_row_as_full_screen_section=&#8221;no&#8221; type=&#8221;full_width&#8221; angled_section=&#8221;no&#8221; text_align=&#8221;left&#8221; background_image_as_pattern=&#8221;without_pattern&#8221;][vc_column][vc_empty_space][vc_column_text css=&#8221;&#8221;]El mi\u00e9rcoles 12 de junio, en dependencias de nuestro establecimiento se llev\u00f3 a cabo la capacitaci\u00f3n en la Ley 21.643, conocida como Ley Karin, en la cual participaron todos los funcionarios del liceo.<\/p>\n<p>La capacitaci\u00f3n fue expuesta por la abogada, Sra. Catalina San Mart\u00edn, acompa\u00f1ada por la Sra. Paola Carri\u00f3n, jefa de proyectos de CIEDESS.<br \/>\nAgradecemos la ponencia en la ley, organizada por CIEDESS en coordinaci\u00f3n con COREDUC, la cual se fue complementando con las respuestas a diversas dudas que surgieron durante la capacitaci\u00f3n.[\/vc_column_text][vc_empty_space][vc_single_image image=&#8221;2582&#8243; img_size=&#8221;full&#8221; css=&#8221;&#8221; qode_css_animation=&#8221;&#8221;][\/vc_column][\/vc_row]<\/p>\n<\/div>","protected":false},"excerpt":{"rendered":"<p>El mi\u00e9rcoles 12 de junio, en dependencias de nuestro establecimiento se llev\u00f3 a cabo la capacitaci\u00f3n en la Ley 21.643<\/p>\n","protected":false},"author":7,"featured_media":2583,"comment_status":"open","ping_status":"open","sticky":false,"template":"","format":"standard","meta":{"footnotes":""},"categories":[5],"tags":[],"class_list":["post-2580","post","type-post","status-publish","format-standard","has-post-thumbnail","hentry","category-noticias"],"_links":{"self":[{"href":"https:\/\/www.coreduc.cl\/vbs\/wp-json\/wp\/v2\/posts\/2580","targetHints":{"allow":["GET"]}}],"collection":[{"href":"https:\/\/www.coreduc.cl\/vbs\/wp-json\/wp\/v2\/posts"}],"about":[{"href":"https:\/\/www.coreduc.cl\/vbs\/wp-json\/wp\/v2\/types\/post"}],"author":[{"embeddable":true,"href":"https:\/\/www.coreduc.cl\/vbs\/wp-json\/wp\/v2\/users\/7"}],"replies":[{"embeddable":true,"href":"https:\/\/www.coreduc.cl\/vbs\/wp-json\/wp\/v2\/comments?post=2580"}],"version-history":[{"count":2,"href":"https:\/\/www.coreduc.cl\/vbs\/wp-json\/wp\/v2\/posts\/2580\/revisions"}],"predecessor-version":[{"id":2584,"href":"https:\/\/www.coreduc.cl\/vbs\/wp-json\/wp\/v2\/posts\/2580\/revisions\/2584"}],"wp:featuredmedia":[{"embeddable":true,"href":"https:\/\/www.coreduc.cl\/vbs\/wp-json\/wp\/v2\/media\/2583"}],"wp:attachment":[{"href":"https:\/\/www.coreduc.cl\/vbs\/wp-json\/wp\/v2\/media?parent=2580"}],"wp:term":[{"taxonomy":"category","embeddable":true,"href":"https:\/\/www.coreduc.cl\/vbs\/wp-json\/wp\/v2\/categories?post=2580"},{"taxonomy":"post_tag","embeddable":true,"href":"https:\/\/www.coreduc.cl\/vbs\/wp-json\/wp\/v2\/tags?post=2580"}],"curies":[{"name":"wp","href":"https:\/\/api.w.org\/{rel}","templated":true}]}}