{"id":257,"date":"2019-08-27T12:45:37","date_gmt":"2019-08-27T16:45:37","guid":{"rendered":"https:\/\/www.coreduc.cl\/vbs\/?p=257"},"modified":"2019-09-10T15:16:08","modified_gmt":"2019-09-10T19:16:08","slug":"tenemos-nuevos-camarines","status":"publish","type":"post","link":"https:\/\/www.coreduc.cl\/vbs\/tenemos-nuevos-camarines\/","title":{"rendered":"Tenemos nuevos camarines"},"content":{"rendered":"<p>Gracias a los aportes de<strong> BESALCO<\/strong> y <strong>Corporaci\u00f3n Educacional de la Construcci\u00f3n<\/strong>, contamos con camarines de hombres y mujeres completamente renovados. Agradecemos este aporte, que nos ayuda a renovar y hermosear nuestras instalaciones.<\/p>\n<p><a href=\"https:\/\/www.facebook.com\/vbs.cl\/photos\/pcb.1694500970680149\/1694500757346837\/?type=3&amp;theater\" target=\"_blank\" rel=\"noopener noreferrer\"><strong>Puedes ver la GALER\u00cdA FOTOGR\u00c1FICA ac\u00e1<\/strong><\/a><\/p>\n<p>&nbsp;<\/p>\n","protected":false},"excerpt":{"rendered":"<p>Gracias a los aportes de BESALCO y Corporaci\u00f3n Educacional de la Construcci\u00f3n<\/p>\n","protected":false},"author":7,"featured_media":258,"comment_status":"open","ping_status":"open","sticky":false,"template":"","format":"standard","meta":{"footnotes":""},"categories":[5],"tags":[],"class_list":["post-257","post","type-post","status-publish","format-standard","has-post-thumbnail","hentry","category-noticias"],"_links":{"self":[{"href":"https:\/\/www.coreduc.cl\/vbs\/wp-json\/wp\/v2\/posts\/257","targetHints":{"allow":["GET"]}}],"collection":[{"href":"https:\/\/www.coreduc.cl\/vbs\/wp-json\/wp\/v2\/posts"}],"about":[{"href":"https:\/\/www.coreduc.cl\/vbs\/wp-json\/wp\/v2\/types\/post"}],"author":[{"embeddable":true,"href":"https:\/\/www.coreduc.cl\/vbs\/wp-json\/wp\/v2\/users\/7"}],"replies":[{"embeddable":true,"href":"https:\/\/www.coreduc.cl\/vbs\/wp-json\/wp\/v2\/comments?post=257"}],"version-history":[{"count":1,"href":"https:\/\/www.coreduc.cl\/vbs\/wp-json\/wp\/v2\/posts\/257\/revisions"}],"predecessor-version":[{"id":259,"href":"https:\/\/www.coreduc.cl\/vbs\/wp-json\/wp\/v2\/posts\/257\/revisions\/259"}],"wp:featuredmedia":[{"embeddable":true,"href":"https:\/\/www.coreduc.cl\/vbs\/wp-json\/wp\/v2\/media\/258"}],"wp:attachment":[{"href":"https:\/\/www.coreduc.cl\/vbs\/wp-json\/wp\/v2\/media?parent=257"}],"wp:term":[{"taxonomy":"category","embeddable":true,"href":"https:\/\/www.coreduc.cl\/vbs\/wp-json\/wp\/v2\/categories?post=257"},{"taxonomy":"post_tag","embeddable":true,"href":"https:\/\/www.coreduc.cl\/vbs\/wp-json\/wp\/v2\/tags?post=257"}],"curies":[{"name":"wp","href":"https:\/\/api.w.org\/{rel}","templated":true}]}}