{"id":2553,"date":"2024-05-31T18:01:06","date_gmt":"2024-05-31T22:01:06","guid":{"rendered":"https:\/\/www.coreduc.cl\/vbs\/?p=2553"},"modified":"2024-06-07T10:40:09","modified_gmt":"2024-06-07T14:40:09","slug":"celebracion-dia-del-estudiante","status":"publish","type":"post","link":"https:\/\/www.coreduc.cl\/vbs\/celebracion-dia-del-estudiante\/","title":{"rendered":"CELEBRACI\u00d3N D\u00cdA DEL ESTUDIANTE"},"content":{"rendered":"<div class=\"wpb-content-wrapper\"><p>[vc_row css_animation=&#8221;&#8221; row_type=&#8221;row&#8221; use_row_as_full_screen_section=&#8221;no&#8221; type=&#8221;full_width&#8221; angled_section=&#8221;no&#8221; text_align=&#8221;left&#8221; background_image_as_pattern=&#8221;without_pattern&#8221;][vc_column][vc_empty_space][vc_column_text]Ayer mi\u00e9rcoles 29 de mayo, se realiz\u00f3 la celebraci\u00f3n del D\u00eda del Estudiante en nuestro liceo, en donde estuvo involucrada toda la comunidad educativa.<\/p>\n<p>Cada curso comparti\u00f3 junto a sus pares y profesores jefes un desayuno saludable, en l\u00ednea con la Ley 20.606, posteriormente, en el transcurso de la jornada, se desarrollaron diversas actividades lideradas por distintos colabores, entre docentes y asistentes de la educaci\u00f3n, como torneos deportivos, pasa palabra, concursos de bailes, etc.<\/p>\n<p>Realzar el valor de nuestros estudiantes es sin lugar a dudas, tremendamente importante para nosotros, ya que son el eje primordial de nuestro servicio diario.<\/p>\n<p>\u00a1Feliz d\u00eda para cada uno de ellos![\/vc_column_text][vc_empty_space][vc_single_image image=&#8221;2556&#8243; img_size=&#8221;full&#8221; qode_css_animation=&#8221;&#8221;][\/vc_column][\/vc_row]<\/p>\n<\/div>","protected":false},"excerpt":{"rendered":"<p>Ayer mi\u00e9rcoles 29 de mayo, se realiz\u00f3 la celebraci\u00f3n del D\u00eda del Estudiante en nuestro liceo<\/p>\n","protected":false},"author":7,"featured_media":2563,"comment_status":"open","ping_status":"open","sticky":false,"template":"","format":"standard","meta":{"footnotes":""},"categories":[5],"tags":[],"class_list":["post-2553","post","type-post","status-publish","format-standard","has-post-thumbnail","hentry","category-noticias"],"_links":{"self":[{"href":"https:\/\/www.coreduc.cl\/vbs\/wp-json\/wp\/v2\/posts\/2553","targetHints":{"allow":["GET"]}}],"collection":[{"href":"https:\/\/www.coreduc.cl\/vbs\/wp-json\/wp\/v2\/posts"}],"about":[{"href":"https:\/\/www.coreduc.cl\/vbs\/wp-json\/wp\/v2\/types\/post"}],"author":[{"embeddable":true,"href":"https:\/\/www.coreduc.cl\/vbs\/wp-json\/wp\/v2\/users\/7"}],"replies":[{"embeddable":true,"href":"https:\/\/www.coreduc.cl\/vbs\/wp-json\/wp\/v2\/comments?post=2553"}],"version-history":[{"count":2,"href":"https:\/\/www.coreduc.cl\/vbs\/wp-json\/wp\/v2\/posts\/2553\/revisions"}],"predecessor-version":[{"id":2557,"href":"https:\/\/www.coreduc.cl\/vbs\/wp-json\/wp\/v2\/posts\/2553\/revisions\/2557"}],"wp:featuredmedia":[{"embeddable":true,"href":"https:\/\/www.coreduc.cl\/vbs\/wp-json\/wp\/v2\/media\/2563"}],"wp:attachment":[{"href":"https:\/\/www.coreduc.cl\/vbs\/wp-json\/wp\/v2\/media?parent=2553"}],"wp:term":[{"taxonomy":"category","embeddable":true,"href":"https:\/\/www.coreduc.cl\/vbs\/wp-json\/wp\/v2\/categories?post=2553"},{"taxonomy":"post_tag","embeddable":true,"href":"https:\/\/www.coreduc.cl\/vbs\/wp-json\/wp\/v2\/tags?post=2553"}],"curies":[{"name":"wp","href":"https:\/\/api.w.org\/{rel}","templated":true}]}}