{"id":1203,"date":"2021-10-12T10:18:37","date_gmt":"2021-10-12T14:18:37","guid":{"rendered":"https:\/\/www.coreduc.cl\/vbs\/?p=1203"},"modified":"2021-10-12T10:22:14","modified_gmt":"2021-10-12T14:22:14","slug":"encuentro-de-dos-mundos","status":"publish","type":"post","link":"https:\/\/www.coreduc.cl\/vbs\/encuentro-de-dos-mundos\/","title":{"rendered":"Encuentro De Dos Mundos"},"content":{"rendered":"<div class=\"wpb-content-wrapper\"><p>[vc_row css_animation=&#8221;&#8221; row_type=&#8221;row&#8221; use_row_as_full_screen_section=&#8221;no&#8221; type=&#8221;full_width&#8221; angled_section=&#8221;no&#8221; text_align=&#8221;left&#8221; background_image_as_pattern=&#8221;without_pattern&#8221;][vc_column][vc_empty_space][vc_column_text]&#8221;El 12 de octubre, popularmente se conoce como \u201cEl d\u00eda de la Raza\u201d desde 1915, cuando la Uni\u00f3n Iberoamericana pens\u00f3 en una celebraci\u00f3n que uniese a Espa\u00f1a e Iberoam\u00e9rica. Con el pasar de los a\u00f1os y con el creciente impulso de los pueblos originarios por revivir sus culturas, el 12 de octubre ha ido tomando, una connotaci\u00f3n distinta, especialmente desde 1992, al conmemorarse cinco siglos desde la conquista, emergiendo el concepto del \u201cD\u00eda de la Resistencia Ind\u00edgena\u201d.<\/p>\n<p><a href=\"https:\/\/bit.ly\/3amLvRA\">Link de la rese\u00f1a<\/a>[\/vc_column_text][vc_empty_space][vc_single_image image=&#8221;1206&#8243; img_size=&#8221;full&#8221; qode_css_animation=&#8221;&#8221;][vc_empty_space][\/vc_column][\/vc_row]<\/p>\n<\/div>","protected":false},"excerpt":{"rendered":"<p>El 12 de octubre, popularmente se conoce como \u201cEl d\u00eda de la Raza\u201d desde 1915<\/p>\n","protected":false},"author":7,"featured_media":1205,"comment_status":"open","ping_status":"open","sticky":false,"template":"","format":"standard","meta":{"footnotes":""},"categories":[5],"tags":[],"class_list":["post-1203","post","type-post","status-publish","format-standard","has-post-thumbnail","hentry","category-noticias"],"_links":{"self":[{"href":"https:\/\/www.coreduc.cl\/vbs\/wp-json\/wp\/v2\/posts\/1203","targetHints":{"allow":["GET"]}}],"collection":[{"href":"https:\/\/www.coreduc.cl\/vbs\/wp-json\/wp\/v2\/posts"}],"about":[{"href":"https:\/\/www.coreduc.cl\/vbs\/wp-json\/wp\/v2\/types\/post"}],"author":[{"embeddable":true,"href":"https:\/\/www.coreduc.cl\/vbs\/wp-json\/wp\/v2\/users\/7"}],"replies":[{"embeddable":true,"href":"https:\/\/www.coreduc.cl\/vbs\/wp-json\/wp\/v2\/comments?post=1203"}],"version-history":[{"count":2,"href":"https:\/\/www.coreduc.cl\/vbs\/wp-json\/wp\/v2\/posts\/1203\/revisions"}],"predecessor-version":[{"id":1207,"href":"https:\/\/www.coreduc.cl\/vbs\/wp-json\/wp\/v2\/posts\/1203\/revisions\/1207"}],"wp:featuredmedia":[{"embeddable":true,"href":"https:\/\/www.coreduc.cl\/vbs\/wp-json\/wp\/v2\/media\/1205"}],"wp:attachment":[{"href":"https:\/\/www.coreduc.cl\/vbs\/wp-json\/wp\/v2\/media?parent=1203"}],"wp:term":[{"taxonomy":"category","embeddable":true,"href":"https:\/\/www.coreduc.cl\/vbs\/wp-json\/wp\/v2\/categories?post=1203"},{"taxonomy":"post_tag","embeddable":true,"href":"https:\/\/www.coreduc.cl\/vbs\/wp-json\/wp\/v2\/tags?post=1203"}],"curies":[{"name":"wp","href":"https:\/\/api.w.org\/{rel}","templated":true}]}}