{"id":1183,"date":"2021-10-01T09:22:38","date_gmt":"2021-10-01T13:22:38","guid":{"rendered":"https:\/\/www.coreduc.cl\/vbs\/?p=1183"},"modified":"2021-10-01T09:26:55","modified_gmt":"2021-10-01T13:26:55","slug":"visita-pastoral-residencia-rosita-renard","status":"publish","type":"post","link":"https:\/\/www.coreduc.cl\/vbs\/visita-pastoral-residencia-rosita-renard\/","title":{"rendered":"Visita Pastoral Residencia Rosita Renard"},"content":{"rendered":"<div class=\"wpb-content-wrapper\"><p>[vc_row css_animation=&#8221;&#8221; row_type=&#8221;row&#8221; use_row_as_full_screen_section=&#8221;no&#8221; type=&#8221;full_width&#8221; angled_section=&#8221;no&#8221; text_align=&#8221;left&#8221; background_image_as_pattern=&#8221;without_pattern&#8221;][vc_column][vc_empty_space][vc_column_text]El d\u00eda mi\u00e9rcoles 28 de septiembre la pastoral de nuestro liceo visit\u00f3 la Residencia de Adultos Mayores &#8220;Rosita Renard&#8221;, de Rinconada de Nos &#8211; San Bernardo. Con mucho cari\u00f1o entregaron una donaci\u00f3n que contribuir\u00e1 con un granito de arena al mayor bienestar de los abuelitos.[\/vc_column_text][vc_empty_space][vc_single_image image=&#8221;1187&#8243; img_size=&#8221;full&#8221; qode_css_animation=&#8221;&#8221;][vc_empty_space][\/vc_column][\/vc_row]<\/p>\n<\/div>","protected":false},"excerpt":{"rendered":"<p>El d\u00eda mi\u00e9rcoles 28 de septiembre la pastoral de nuestro liceo visit\u00f3 la Residencia de Adultos Mayores &#8220;Rosita Renard&#8221;, de Rinconada de Nos<\/p>\n","protected":false},"author":7,"featured_media":1186,"comment_status":"open","ping_status":"open","sticky":false,"template":"","format":"standard","meta":{"footnotes":""},"categories":[5],"tags":[],"class_list":["post-1183","post","type-post","status-publish","format-standard","has-post-thumbnail","hentry","category-noticias"],"_links":{"self":[{"href":"https:\/\/www.coreduc.cl\/vbs\/wp-json\/wp\/v2\/posts\/1183","targetHints":{"allow":["GET"]}}],"collection":[{"href":"https:\/\/www.coreduc.cl\/vbs\/wp-json\/wp\/v2\/posts"}],"about":[{"href":"https:\/\/www.coreduc.cl\/vbs\/wp-json\/wp\/v2\/types\/post"}],"author":[{"embeddable":true,"href":"https:\/\/www.coreduc.cl\/vbs\/wp-json\/wp\/v2\/users\/7"}],"replies":[{"embeddable":true,"href":"https:\/\/www.coreduc.cl\/vbs\/wp-json\/wp\/v2\/comments?post=1183"}],"version-history":[{"count":3,"href":"https:\/\/www.coreduc.cl\/vbs\/wp-json\/wp\/v2\/posts\/1183\/revisions"}],"predecessor-version":[{"id":1188,"href":"https:\/\/www.coreduc.cl\/vbs\/wp-json\/wp\/v2\/posts\/1183\/revisions\/1188"}],"wp:featuredmedia":[{"embeddable":true,"href":"https:\/\/www.coreduc.cl\/vbs\/wp-json\/wp\/v2\/media\/1186"}],"wp:attachment":[{"href":"https:\/\/www.coreduc.cl\/vbs\/wp-json\/wp\/v2\/media?parent=1183"}],"wp:term":[{"taxonomy":"category","embeddable":true,"href":"https:\/\/www.coreduc.cl\/vbs\/wp-json\/wp\/v2\/categories?post=1183"},{"taxonomy":"post_tag","embeddable":true,"href":"https:\/\/www.coreduc.cl\/vbs\/wp-json\/wp\/v2\/tags?post=1183"}],"curies":[{"name":"wp","href":"https:\/\/api.w.org\/{rel}","templated":true}]}}