{"id":1157,"date":"2021-09-20T12:24:27","date_gmt":"2021-09-20T16:24:27","guid":{"rendered":"https:\/\/www.coreduc.cl\/vbs\/?p=1157"},"modified":"2021-09-20T15:56:12","modified_gmt":"2021-09-20T19:56:12","slug":"cierre-de-actividades-semana-de-la-chilenidad","status":"publish","type":"post","link":"https:\/\/www.coreduc.cl\/vbs\/cierre-de-actividades-semana-de-la-chilenidad\/","title":{"rendered":"Cierre De Actividades \u2013 Semana De La Chilenidad"},"content":{"rendered":"<div class=\"wpb-content-wrapper\"><p>[vc_row css_animation=&#8221;&#8221; row_type=&#8221;row&#8221; use_row_as_full_screen_section=&#8221;no&#8221; type=&#8221;full_width&#8221; angled_section=&#8221;no&#8221; text_align=&#8221;left&#8221; background_image_as_pattern=&#8221;without_pattern&#8221;][vc_column][vc_empty_space][vc_column_text]Desde el martes 7 de septiembre hasta hoy mi\u00e9rcoles 15, estuvimos llenos de actividades celebrando nuestros valores patrios, cada curso present\u00f3 una danza folkl\u00f3rica, culminando hoy con las actividades de \u201cjuegos t\u00edpicos chilenos\u201d, muestra de multiculturalidad de nuestros estudiantes extranjeros y finalizando con la presentaci\u00f3n de un chinchinero y organillero. \u00a1Cerramos con alegr\u00eda y agradecimiento todo lo vivido!<\/p>\n<p><a href=\"https:\/\/www.facebook.com\/475404579256467\/posts\/2431131347017104\/?sfnsn=mo\">Link ver la galer\u00eda fotogr\u00e1fica<\/a>[\/vc_column_text][vc_empty_space][vc_row_inner row_type=&#8221;row&#8221; type=&#8221;full_width&#8221; text_align=&#8221;left&#8221; css_animation=&#8221;&#8221;][vc_column_inner width=&#8221;1\/2&#8243;][vc_single_image image=&#8221;1174&#8243; img_size=&#8221;full&#8221; qode_css_animation=&#8221;&#8221;][\/vc_column_inner][vc_column_inner width=&#8221;1\/2&#8243;][vc_single_image image=&#8221;1175&#8243; img_size=&#8221;full&#8221; qode_css_animation=&#8221;&#8221;][\/vc_column_inner][\/vc_row_inner][vc_empty_space][\/vc_column][\/vc_row]<\/p>\n<\/div>","protected":false},"excerpt":{"rendered":"<p>Desde el martes 7 de septiembre hasta hoy mi\u00e9rcoles 15, estuvimos llenos de actividades<\/p>\n","protected":false},"author":7,"featured_media":1173,"comment_status":"open","ping_status":"open","sticky":false,"template":"","format":"standard","meta":{"footnotes":""},"categories":[5],"tags":[],"class_list":["post-1157","post","type-post","status-publish","format-standard","has-post-thumbnail","hentry","category-noticias"],"_links":{"self":[{"href":"https:\/\/www.coreduc.cl\/vbs\/wp-json\/wp\/v2\/posts\/1157","targetHints":{"allow":["GET"]}}],"collection":[{"href":"https:\/\/www.coreduc.cl\/vbs\/wp-json\/wp\/v2\/posts"}],"about":[{"href":"https:\/\/www.coreduc.cl\/vbs\/wp-json\/wp\/v2\/types\/post"}],"author":[{"embeddable":true,"href":"https:\/\/www.coreduc.cl\/vbs\/wp-json\/wp\/v2\/users\/7"}],"replies":[{"embeddable":true,"href":"https:\/\/www.coreduc.cl\/vbs\/wp-json\/wp\/v2\/comments?post=1157"}],"version-history":[{"count":5,"href":"https:\/\/www.coreduc.cl\/vbs\/wp-json\/wp\/v2\/posts\/1157\/revisions"}],"predecessor-version":[{"id":1176,"href":"https:\/\/www.coreduc.cl\/vbs\/wp-json\/wp\/v2\/posts\/1157\/revisions\/1176"}],"wp:featuredmedia":[{"embeddable":true,"href":"https:\/\/www.coreduc.cl\/vbs\/wp-json\/wp\/v2\/media\/1173"}],"wp:attachment":[{"href":"https:\/\/www.coreduc.cl\/vbs\/wp-json\/wp\/v2\/media?parent=1157"}],"wp:term":[{"taxonomy":"category","embeddable":true,"href":"https:\/\/www.coreduc.cl\/vbs\/wp-json\/wp\/v2\/categories?post=1157"},{"taxonomy":"post_tag","embeddable":true,"href":"https:\/\/www.coreduc.cl\/vbs\/wp-json\/wp\/v2\/tags?post=1157"}],"curies":[{"name":"wp","href":"https:\/\/api.w.org\/{rel}","templated":true}]}}