{"id":1131,"date":"2021-09-06T10:37:49","date_gmt":"2021-09-06T14:37:49","guid":{"rendered":"https:\/\/www.coreduc.cl\/vbs\/?p=1131"},"modified":"2021-09-06T10:41:07","modified_gmt":"2021-09-06T14:41:07","slug":"dia-internacional-de-la-mujer-indigena","status":"publish","type":"post","link":"https:\/\/www.coreduc.cl\/vbs\/dia-internacional-de-la-mujer-indigena\/","title":{"rendered":"Dia Internacional De La Mujer Ind\u00edgena"},"content":{"rendered":"<div class=\"wpb-content-wrapper\"><p>[vc_row css_animation=&#8221;&#8221; row_type=&#8221;row&#8221; use_row_as_full_screen_section=&#8221;no&#8221; type=&#8221;full_width&#8221; angled_section=&#8221;no&#8221; text_align=&#8221;left&#8221; background_image_as_pattern=&#8221;without_pattern&#8221;][vc_column][vc_empty_space][vc_column_text]El 5 de septiembre fue la fecha elegida para instaurar el D\u00eda Internacional de la Mujer Ind\u00edgena. Celebraci\u00f3n que naci\u00f3 durante el Segundo Encuentro de Organizaciones y Movimientos de Am\u00e9rica reunido en Tihuanacu, Bolivia, en 1983.<\/p>\n<p>La elecci\u00f3n de la fecha se debe principalmente a una hero\u00edna suramericana, la india Bartolina Sisa, que naci\u00f3 en Cuzco, Per\u00fa, el 24 de agosto de 1753.<\/p>\n<p>Fue una mujer valerosa y trabajadora, dedicada principalmente a sus labores en el telar. A los 25 a\u00f1os de edad contrajo matrimonio con Julian Apaza, qui\u00e9n a\u00f1os m\u00e1s tarde ser\u00eda conocido como el caudillo T\u00fapac Katari, con qui\u00e9n organizar\u00eda la rebeli\u00f3n de los pueblos ind\u00edgenas a trav\u00e9s de los Andes.[\/vc_column_text][vc_empty_space][vc_single_image image=&#8221;1134&#8243; img_size=&#8221;full&#8221; qode_css_animation=&#8221;&#8221;][vc_empty_space][\/vc_column][\/vc_row]<\/p>\n<\/div>","protected":false},"excerpt":{"rendered":"<p>El 5 de septiembre fue la fecha elegida para instaurar el D\u00eda Internacional de la Mujer Ind\u00edgena.<\/p>\n","protected":false},"author":7,"featured_media":1133,"comment_status":"open","ping_status":"open","sticky":false,"template":"","format":"standard","meta":{"footnotes":""},"categories":[5],"tags":[],"class_list":["post-1131","post","type-post","status-publish","format-standard","has-post-thumbnail","hentry","category-noticias"],"_links":{"self":[{"href":"https:\/\/www.coreduc.cl\/vbs\/wp-json\/wp\/v2\/posts\/1131","targetHints":{"allow":["GET"]}}],"collection":[{"href":"https:\/\/www.coreduc.cl\/vbs\/wp-json\/wp\/v2\/posts"}],"about":[{"href":"https:\/\/www.coreduc.cl\/vbs\/wp-json\/wp\/v2\/types\/post"}],"author":[{"embeddable":true,"href":"https:\/\/www.coreduc.cl\/vbs\/wp-json\/wp\/v2\/users\/7"}],"replies":[{"embeddable":true,"href":"https:\/\/www.coreduc.cl\/vbs\/wp-json\/wp\/v2\/comments?post=1131"}],"version-history":[{"count":2,"href":"https:\/\/www.coreduc.cl\/vbs\/wp-json\/wp\/v2\/posts\/1131\/revisions"}],"predecessor-version":[{"id":1135,"href":"https:\/\/www.coreduc.cl\/vbs\/wp-json\/wp\/v2\/posts\/1131\/revisions\/1135"}],"wp:featuredmedia":[{"embeddable":true,"href":"https:\/\/www.coreduc.cl\/vbs\/wp-json\/wp\/v2\/media\/1133"}],"wp:attachment":[{"href":"https:\/\/www.coreduc.cl\/vbs\/wp-json\/wp\/v2\/media?parent=1131"}],"wp:term":[{"taxonomy":"category","embeddable":true,"href":"https:\/\/www.coreduc.cl\/vbs\/wp-json\/wp\/v2\/categories?post=1131"},{"taxonomy":"post_tag","embeddable":true,"href":"https:\/\/www.coreduc.cl\/vbs\/wp-json\/wp\/v2\/tags?post=1131"}],"curies":[{"name":"wp","href":"https:\/\/api.w.org\/{rel}","templated":true}]}}