{"id":398,"date":"2019-07-10T19:47:21","date_gmt":"2019-07-10T23:47:21","guid":{"rendered":"https:\/\/www.coreduc.cl\/ssb\/?p=398"},"modified":"2019-10-14T10:52:26","modified_gmt":"2019-10-14T14:52:26","slug":"liceo-ssb-en-caminata-familiar","status":"publish","type":"post","link":"https:\/\/www.coreduc.cl\/ssb\/liceo-ssb-en-caminata-familiar\/","title":{"rendered":"Liceo SSB en Caminata familiar"},"content":{"rendered":"<div class=\"wpb-content-wrapper\"><p>[vc_row css_animation=&#8221;&#8221; row_type=&#8221;row&#8221; use_row_as_full_screen_section=&#8221;no&#8221; type=&#8221;full_width&#8221; angled_section=&#8221;no&#8221; text_align=&#8221;left&#8221; background_image_as_pattern=&#8221;without_pattern&#8221;][vc_column][vc_column_text]<\/p>\n<h2>\u201cNo des Vuelta el Carro, Caminemos por un lugar limpio\u201d<\/h2>\n<p>El d\u00eda s\u00e1bado 6 de julio del a\u00f1o en curso, la comunidad escolar del Liceo SSB particip\u00f3 en La caminata familiar, que pretende promover conciencia ambiental sobre las problem\u00e1ticas causadas por la presencia de micro basurales en el sector. Se busca a partir de esta actividad que los vecinos, instituciones y organizaciones sociales de la comunidad se encuentren en este espacio y se pueda generar un trabajo colectivo con respecto a la tem\u00e1tica medio ambiental.<\/p>\n<p>Los objetivos son:<\/p>\n<ul>\n<li>Impulsar el trabajo colectivo enfocado al cuidado y protecci\u00f3n del medio ambiente en el sector. Propiciar el trabajo coordinado de la comunidad, las instituciones y organizaciones sociales del sector con enfoque en el \u00e1rea medioambiental.<\/li>\n<li>Visibilizar la problem\u00e1tica de micro basurales a trav\u00e9s de la participaci\u00f3n comunitaria.<\/li>\n<li>Sensibilizar sobre el cuidado y protecci\u00f3n de los espacios p\u00fablicos y el medio ambiente.<\/li>\n<\/ul>\n<p>[\/vc_column_text][vc_empty_space][vc_gallery type=&#8221;image_grid&#8221; images=&#8221;400,401&#8243; img_size=&#8221;full&#8221; column_number=&#8221;2&#8243; grayscale=&#8221;no&#8221; images_space=&#8221;gallery_with_space&#8221;][\/vc_column][\/vc_row]<\/p>\n<\/div>","protected":false},"excerpt":{"rendered":"<p>El d\u00eda 6 de julio el Liceo SSB particip\u00f3 en La caminata familiar<\/p>\n","protected":false},"author":9,"featured_media":399,"comment_status":"open","ping_status":"open","sticky":false,"template":"","format":"standard","meta":{"footnotes":""},"categories":[9],"tags":[],"class_list":["post-398","post","type-post","status-publish","format-standard","has-post-thumbnail","hentry","category-noticias"],"_links":{"self":[{"href":"https:\/\/www.coreduc.cl\/ssb\/wp-json\/wp\/v2\/posts\/398","targetHints":{"allow":["GET"]}}],"collection":[{"href":"https:\/\/www.coreduc.cl\/ssb\/wp-json\/wp\/v2\/posts"}],"about":[{"href":"https:\/\/www.coreduc.cl\/ssb\/wp-json\/wp\/v2\/types\/post"}],"author":[{"embeddable":true,"href":"https:\/\/www.coreduc.cl\/ssb\/wp-json\/wp\/v2\/users\/9"}],"replies":[{"embeddable":true,"href":"https:\/\/www.coreduc.cl\/ssb\/wp-json\/wp\/v2\/comments?post=398"}],"version-history":[{"count":3,"href":"https:\/\/www.coreduc.cl\/ssb\/wp-json\/wp\/v2\/posts\/398\/revisions"}],"predecessor-version":[{"id":425,"href":"https:\/\/www.coreduc.cl\/ssb\/wp-json\/wp\/v2\/posts\/398\/revisions\/425"}],"wp:featuredmedia":[{"embeddable":true,"href":"https:\/\/www.coreduc.cl\/ssb\/wp-json\/wp\/v2\/media\/399"}],"wp:attachment":[{"href":"https:\/\/www.coreduc.cl\/ssb\/wp-json\/wp\/v2\/media?parent=398"}],"wp:term":[{"taxonomy":"category","embeddable":true,"href":"https:\/\/www.coreduc.cl\/ssb\/wp-json\/wp\/v2\/categories?post=398"},{"taxonomy":"post_tag","embeddable":true,"href":"https:\/\/www.coreduc.cl\/ssb\/wp-json\/wp\/v2\/tags?post=398"}],"curies":[{"name":"wp","href":"https:\/\/api.w.org\/{rel}","templated":true}]}}