{"id":1,"date":"2016-06-02T17:25:39","date_gmt":"2016-06-02T21:25:39","guid":{"rendered":"https:\/\/www.coreduc.cl\/ssb\/?p=1"},"modified":"2019-09-10T15:37:38","modified_gmt":"2019-09-10T19:37:38","slug":"corrida-de-la-construccion-santiago-2016","status":"publish","type":"post","link":"https:\/\/www.coreduc.cl\/ssb\/corrida-de-la-construccion-santiago-2016\/","title":{"rendered":"Corrida de la Construcci\u00f3n Santiago 2016"},"content":{"rendered":"<p>Docentes, Asistentes de la Educaci\u00f3n y Alumnos del Liceo SSB participaron en la \u201cCorrida de la Construcci\u00f3n Santiago\u201d, actividad que est\u00e1 inserta en los Proyectos Sociales de la C.CH.C 2016. Este proyecto fue dise\u00f1ado y organizado para incentivar a los trabajadores del sector construcci\u00f3n y de sus familias, la actividad al aire libre y as\u00ed estimular la actividad f\u00edsica y de la vida saludable.<\/p>\n<p>Los funcionarios participaron en la categor\u00edas de 5K Y 21K.<\/p>\n<p><img loading=\"lazy\" decoding=\"async\" class=\"alignnone wp-image-354 size-full\" src=\"https:\/\/www.coreduc.cl\/ssb\/wp-content\/uploads\/2019\/07\/foto02_not01SSB-06-2016.jpg\" alt=\"\" width=\"700\" height=\"465\" srcset=\"https:\/\/www.coreduc.cl\/ssb\/wp-content\/uploads\/2019\/07\/foto02_not01SSB-06-2016.jpg 700w, https:\/\/www.coreduc.cl\/ssb\/wp-content\/uploads\/2019\/07\/foto02_not01SSB-06-2016-300x199.jpg 300w\" sizes=\"auto, (max-width: 700px) 100vw, 700px\" \/><\/p>\n","protected":false},"excerpt":{"rendered":"<p>Docentes, Asistentes de la Educaci\u00f3n y Alumnos del Liceo SSB<\/p>\n","protected":false},"author":9,"featured_media":353,"comment_status":"open","ping_status":"open","sticky":false,"template":"","format":"standard","meta":{"footnotes":""},"categories":[9],"tags":[],"class_list":["post-1","post","type-post","status-publish","format-standard","has-post-thumbnail","hentry","category-noticias"],"_links":{"self":[{"href":"https:\/\/www.coreduc.cl\/ssb\/wp-json\/wp\/v2\/posts\/1","targetHints":{"allow":["GET"]}}],"collection":[{"href":"https:\/\/www.coreduc.cl\/ssb\/wp-json\/wp\/v2\/posts"}],"about":[{"href":"https:\/\/www.coreduc.cl\/ssb\/wp-json\/wp\/v2\/types\/post"}],"author":[{"embeddable":true,"href":"https:\/\/www.coreduc.cl\/ssb\/wp-json\/wp\/v2\/users\/9"}],"replies":[{"embeddable":true,"href":"https:\/\/www.coreduc.cl\/ssb\/wp-json\/wp\/v2\/comments?post=1"}],"version-history":[{"count":3,"href":"https:\/\/www.coreduc.cl\/ssb\/wp-json\/wp\/v2\/posts\/1\/revisions"}],"predecessor-version":[{"id":355,"href":"https:\/\/www.coreduc.cl\/ssb\/wp-json\/wp\/v2\/posts\/1\/revisions\/355"}],"wp:featuredmedia":[{"embeddable":true,"href":"https:\/\/www.coreduc.cl\/ssb\/wp-json\/wp\/v2\/media\/353"}],"wp:attachment":[{"href":"https:\/\/www.coreduc.cl\/ssb\/wp-json\/wp\/v2\/media?parent=1"}],"wp:term":[{"taxonomy":"category","embeddable":true,"href":"https:\/\/www.coreduc.cl\/ssb\/wp-json\/wp\/v2\/categories?post=1"},{"taxonomy":"post_tag","embeddable":true,"href":"https:\/\/www.coreduc.cl\/ssb\/wp-json\/wp\/v2\/tags?post=1"}],"curies":[{"name":"wp","href":"https:\/\/api.w.org\/{rel}","templated":true}]}}