{"id":113,"date":"2018-12-18T10:00:59","date_gmt":"2018-12-18T14:00:59","guid":{"rendered":"https:\/\/www.coreduc.cl\/?p=113"},"modified":"2019-08-21T10:30:19","modified_gmt":"2019-08-21T14:30:19","slug":"confirmaciones-en-el-liceo-rafael-donoso-carrasco","status":"publish","type":"post","link":"https:\/\/www.coreduc.cl\/rdc\/confirmaciones-en-el-liceo-rafael-donoso-carrasco\/","title":{"rendered":"Confirmaciones en el Liceo Rafael Donoso Carrasco"},"content":{"rendered":"<div class=\"wpb-content-wrapper\"><p>[vc_row css_animation=\u00bb\u00bb row_type=\u00bbrow\u00bb use_row_as_full_screen_section=\u00bbno\u00bb type=\u00bbfull_width\u00bb angled_section=\u00bbno\u00bb text_align=\u00bbleft\u00bb background_image_as_pattern=\u00bbwithout_pattern\u00bb][vc_column][vc_column_text]<\/p>\n<p style=\"text-align: justify;\">El d\u00eda 30 de noviembre de 2018, se realiz\u00f3 la Celebraci\u00f3n del Sacramento de la Confirmaci\u00f3n a los alumnos del liceo, la cual fue presidida por el Vicario para la Zona Norte, Monse\u00f1or Ignacio Gramsh Labra. En esta ocasi\u00f3n confirmaron su fe en el Se\u00f1or y su adhesi\u00f3n a la Iglesia 20 alumnos y una Asistente de la Educaci\u00f3n Sra. Erika Escamilla Inzunza.<\/p>\n<p>Esta ceremonia fue realizada en Capilla San Jos\u00e9 de Recoleta, ubicada en el Roble 659 de Recoleta. Adem\u00e1s acompa\u00f1\u00f3 la Ceremonia el Padre Clobert Suazo Ram\u00edrez, capell\u00e1n del Liceo, Docentes, Asistentes de la Educaci\u00f3n, Padres y Apoderados.<\/p>\n<p>[\/vc_column_text][vc_empty_space][\/vc_column][\/vc_row][vc_row css_animation=\u00bb\u00bb row_type=\u00bbrow\u00bb use_row_as_full_screen_section=\u00bbno\u00bb type=\u00bbfull_width\u00bb angled_section=\u00bbno\u00bb text_align=\u00bbleft\u00bb background_image_as_pattern=\u00bbwithout_pattern\u00bb][vc_column width=\u00bb1\/6&#8243;][\/vc_column][vc_column width=\u00bb2\/3&#8243;][vc_single_image image=\u00bb116&#8243; img_size=\u00bbfull\u00bb alignment=\u00bbcenter\u00bb qode_css_animation=\u00bb\u00bb][\/vc_column][vc_column width=\u00bb1\/6&#8243;][\/vc_column][\/vc_row]<\/p>\n<\/div>","protected":false},"excerpt":{"rendered":"<p>El d\u00eda 30 de noviembre de 2018, se realiz\u00f3 la Celebraci\u00f3n del Sacramento de la Confirmaci\u00f3n a los alumnos del liceo<\/p>\n","protected":false},"author":7,"featured_media":115,"comment_status":"open","ping_status":"open","sticky":false,"template":"","format":"standard","meta":{"footnotes":""},"categories":[4],"tags":[],"class_list":["post-113","post","type-post","status-publish","format-standard","has-post-thumbnail","hentry","category-noticias"],"_links":{"self":[{"href":"https:\/\/www.coreduc.cl\/rdc\/wp-json\/wp\/v2\/posts\/113","targetHints":{"allow":["GET"]}}],"collection":[{"href":"https:\/\/www.coreduc.cl\/rdc\/wp-json\/wp\/v2\/posts"}],"about":[{"href":"https:\/\/www.coreduc.cl\/rdc\/wp-json\/wp\/v2\/types\/post"}],"author":[{"embeddable":true,"href":"https:\/\/www.coreduc.cl\/rdc\/wp-json\/wp\/v2\/users\/7"}],"replies":[{"embeddable":true,"href":"https:\/\/www.coreduc.cl\/rdc\/wp-json\/wp\/v2\/comments?post=113"}],"version-history":[{"count":2,"href":"https:\/\/www.coreduc.cl\/rdc\/wp-json\/wp\/v2\/posts\/113\/revisions"}],"predecessor-version":[{"id":117,"href":"https:\/\/www.coreduc.cl\/rdc\/wp-json\/wp\/v2\/posts\/113\/revisions\/117"}],"wp:featuredmedia":[{"embeddable":true,"href":"https:\/\/www.coreduc.cl\/rdc\/wp-json\/wp\/v2\/media\/115"}],"wp:attachment":[{"href":"https:\/\/www.coreduc.cl\/rdc\/wp-json\/wp\/v2\/media?parent=113"}],"wp:term":[{"taxonomy":"category","embeddable":true,"href":"https:\/\/www.coreduc.cl\/rdc\/wp-json\/wp\/v2\/categories?post=113"},{"taxonomy":"post_tag","embeddable":true,"href":"https:\/\/www.coreduc.cl\/rdc\/wp-json\/wp\/v2\/tags?post=113"}],"curies":[{"name":"wp","href":"https:\/\/api.w.org\/{rel}","templated":true}]}}