{"id":106,"date":"2019-07-01T10:08:10","date_gmt":"2019-07-01T14:08:10","guid":{"rendered":"https:\/\/www.coreduc.cl\/?p=106"},"modified":"2019-08-21T10:09:33","modified_gmt":"2019-08-21T14:09:33","slug":"taller-de-sensibilizacion-a-los-alumnos-de-3ros-anos","status":"publish","type":"post","link":"https:\/\/www.coreduc.cl\/rdc\/taller-de-sensibilizacion-a-los-alumnos-de-3ros-anos\/","title":{"rendered":"Taller de sensibilizaci\u00f3n a los alumnos de 3ros a\u00f1os"},"content":{"rendered":"<div class=\"wpb-content-wrapper\"><p>[vc_row css_animation=\u00bb\u00bb row_type=\u00bbrow\u00bb use_row_as_full_screen_section=\u00bbno\u00bb type=\u00bbfull_width\u00bb angled_section=\u00bbno\u00bb text_align=\u00bbleft\u00bb background_image_as_pattern=\u00bbwithout_pattern\u00bb][vc_column][vc_column_text]<\/p>\n<p style=\"text-align: justify;\">El d\u00eda mi\u00e9rcoles 12 de junio, se realiz\u00f3 el taller de Sensibilizaci\u00f3n del Consumo de Drogas y Alcohol, el cual es parte del Proyecto Preventivo de Fundaci\u00f3n Esperanza Previene. Este taller fue dirigido a estudiantes de los terceros a\u00f1os, de car\u00e1cter formativo y reflexivo, con lenguaje pertinente al tramo etario. El taller busca profundizar aspectos contextuales y te\u00f3ricos desde la evidencia.<\/p>\n<p>Estos alumnos pertenecen a las Especialidades de: Instalaciones Sanitarias, Construcci\u00f3n, Administraci\u00f3n y Electricidad.<\/p>\n<p>Se desarroll\u00f3 en un ambiente adecuado, de respeto, de participaci\u00f3n y de colaboraci\u00f3n, con la presencia de profesores, relatora y co-relator, el testimonio de un joven en rehabilitaci\u00f3n capto la atenci\u00f3n de los estudiantes logrando la sensibilizaci\u00f3n adecuada , permitiendo la intervenci\u00f3n de los j\u00f3venes en las actividades propuestas (video, preguntas, trabajo en grupo y reflexi\u00f3n final[\/vc_column_text][vc_empty_space][\/vc_column][\/vc_row]<\/p>\n<\/div>","protected":false},"excerpt":{"rendered":"<p>El d\u00eda mi\u00e9rcoles 12 de junio, se realiz\u00f3 el taller de Sensibilizaci\u00f3n del Consumo de Drogas y Alcohol, el cual es parte del Proyecto Preventivo de Fundaci\u00f3n Esperanza Previene.<\/p>\n","protected":false},"author":7,"featured_media":107,"comment_status":"open","ping_status":"open","sticky":false,"template":"","format":"standard","meta":{"footnotes":""},"categories":[4],"tags":[],"class_list":["post-106","post","type-post","status-publish","format-standard","has-post-thumbnail","hentry","category-noticias"],"_links":{"self":[{"href":"https:\/\/www.coreduc.cl\/rdc\/wp-json\/wp\/v2\/posts\/106","targetHints":{"allow":["GET"]}}],"collection":[{"href":"https:\/\/www.coreduc.cl\/rdc\/wp-json\/wp\/v2\/posts"}],"about":[{"href":"https:\/\/www.coreduc.cl\/rdc\/wp-json\/wp\/v2\/types\/post"}],"author":[{"embeddable":true,"href":"https:\/\/www.coreduc.cl\/rdc\/wp-json\/wp\/v2\/users\/7"}],"replies":[{"embeddable":true,"href":"https:\/\/www.coreduc.cl\/rdc\/wp-json\/wp\/v2\/comments?post=106"}],"version-history":[{"count":1,"href":"https:\/\/www.coreduc.cl\/rdc\/wp-json\/wp\/v2\/posts\/106\/revisions"}],"predecessor-version":[{"id":108,"href":"https:\/\/www.coreduc.cl\/rdc\/wp-json\/wp\/v2\/posts\/106\/revisions\/108"}],"wp:featuredmedia":[{"embeddable":true,"href":"https:\/\/www.coreduc.cl\/rdc\/wp-json\/wp\/v2\/media\/107"}],"wp:attachment":[{"href":"https:\/\/www.coreduc.cl\/rdc\/wp-json\/wp\/v2\/media?parent=106"}],"wp:term":[{"taxonomy":"category","embeddable":true,"href":"https:\/\/www.coreduc.cl\/rdc\/wp-json\/wp\/v2\/categories?post=106"},{"taxonomy":"post_tag","embeddable":true,"href":"https:\/\/www.coreduc.cl\/rdc\/wp-json\/wp\/v2\/tags?post=106"}],"curies":[{"name":"wp","href":"https:\/\/api.w.org\/{rel}","templated":true}]}}