{"id":790,"date":"2026-01-05T10:17:07","date_gmt":"2026-01-05T13:17:07","guid":{"rendered":"https:\/\/www.coreduc.cl\/jsu\/?p=790"},"modified":"2026-01-05T10:17:07","modified_gmt":"2026-01-05T13:17:07","slug":"con-momentos-de-alegria-se-despide-un-gran-ano","status":"publish","type":"post","link":"https:\/\/www.coreduc.cl\/jsu\/con-momentos-de-alegria-se-despide-un-gran-ano\/","title":{"rendered":"Con momentos de alegr\u00eda se despide un gran a\u00f1o"},"content":{"rendered":"<div class=\"wpb-content-wrapper\"><p>[vc_row css_animation=\u00bb\u00bb row_type=\u00bbrow\u00bb use_row_as_full_screen_section=\u00bbno\u00bb type=\u00bbfull_width\u00bb angled_section=\u00bbno\u00bb text_align=\u00bbleft\u00bb background_image_as_pattern=\u00bbwithout_pattern\u00bb][vc_column][vc_empty_space][vc_row_inner row_type=\u00bbrow\u00bb type=\u00bbfull_width\u00bb text_align=\u00bbleft\u00bb css_animation=\u00bb\u00bb][vc_column_inner][vc_column_text css=\u00bb\u00bb]<\/p>\n<ul>\n<li>Diciembre marca el cierre del a\u00f1o escolar, y tambi\u00e9n del reconocimiento de metas y objetivos, uno de los instantes m\u00e1s importantes en la vida es aprender a leer y con esto comenzar a descubrir el maravilloso mundo de la lectura, as\u00ed lo vivieron nuestros estudiantes de primeros b\u00e1sicos, quienes fueron reconocidos por sus avances en la ceremonia llamada \u201cBautizo Lector\u201d, cuyo momento estuvo marcado de emoci\u00f3n y ternura junto a sus familias.<\/li>\n<li>Siempre es favorable cultivar los buenos h\u00e1bitos y el cuidado del entorno, por lo cual el Departamento de Educaci\u00f3n F\u00edsica, impuls\u00f3 salidas pedag\u00f3gicas a la zona costera de la localidad de Tom\u00e9, con estudiantes del primer ciclo, donde los ni\u00f1os y ni\u00f1as realizaron actividad f\u00edsica y ejecutaron recolecci\u00f3n de basura, cultivando el cuidado del medioambiente.<\/li>\n<li>Otras actividades relevantes en el final del a\u00f1o fueron la Exposici\u00f3n de los estudiantes de tercero medio de Montaje Industrial, quienes marcaron un hito importante en su aprendizaje entregando unas bancas de descanso a la comunidad, fabricadas por los estudiantes.\u00a0 Adem\u00e1s, el Departamento de Ingl\u00e9s y Artes, realizaron una intervenci\u00f3n con el fin de incentivar el uso y pr\u00e1ctica del idioma ingl\u00e9s y estudiantes del Taller de Periodismo, tuvieron la oportunidad de conocer el trabajo que se realiza en los estudios de Canal 9 B\u00edo B\u00edo TV y Radio B\u00edo B\u00edo.<\/li>\n<li>Y lleg\u00f3 el \u00faltimo d\u00eda de clases, la alegr\u00eda de una etapa terminada se mezclaba con la nostalgia del camino recorrido el a\u00f1o 2025, cada curso particip\u00f3 en diversas actividades de compartir y esparcimiento.<\/li>\n<li>Los estudiantes se fueron de nuestras aulas, pero las experiencias gratificantes nos acompa\u00f1aron hasta \u00faltimo momento, la Universidad del B\u00edo B\u00edo reconoci\u00f3 a nuestros estudiantes \u00c1ngel Jaramillo Betancourt (Primero Medio A) y Andr\u00e9s S\u00e1nchez Urbina (Segundo Medio A), por su destacado tercer lugar en pruebas realizadas por Talleres de matem\u00e1ticas, orientados para escolares de la regi\u00f3n del B\u00edo B\u00edo, iniciativa impulsada por\u00a0 parte de la casa universitaria.<\/li>\n<li>El apoyo emocional es un pilar fundamental en el desarrollo de una comunidad integra, es por esto que se lleva a cabo el proyecto \u201c Tutor\u00edas\u201d desde la Direcci\u00f3n de Convivencia Educativa, el cual brinda un acompa\u00f1amiento por parte de diversos funcionarios durante el a\u00f1o escolar, a estudiantes que presenten diversas dificultades afectivas o personales, cuyo cierre del a\u00f1o 2025 se llev\u00f3 a cabo con una visita al Parque Jorge Alessandri de la comuna de Coronel, donde la naturaleza y la entretenci\u00f3n brindaron un escenario perfecto para finalizar el a\u00f1o.<\/li>\n<\/ul>\n<p>[\/vc_column_text][\/vc_column_inner][\/vc_row_inner][vc_empty_space][\/vc_column][\/vc_row][vc_row css_animation=\u00bb\u00bb row_type=\u00bbrow\u00bb use_row_as_full_screen_section=\u00bbno\u00bb type=\u00bbfull_width\u00bb angled_section=\u00bbno\u00bb text_align=\u00bbleft\u00bb background_image_as_pattern=\u00bbwithout_pattern\u00bb][vc_column][vc_gallery type=\u00bbimage_grid\u00bb images=\u00bb791,792,793,794,795,796,797,798&#8243; css=\u00bb\u00bb column_number=\u00bb3&#8243; grayscale=\u00bbno\u00bb images_space=\u00bbgallery_with_space\u00bb][\/vc_column][\/vc_row]<\/p>\n<\/div>","protected":false},"excerpt":{"rendered":"<p>Diciembre marca el cierre del a\u00f1o escolar, y tambi\u00e9n del reconocimiento de metas y objetivos, uno de los instantes m\u00e1s importantes en la vida es aprender a leer y con esto comenzar a descubrir el maravilloso mundo de la lectura<\/p>\n","protected":false},"author":6,"featured_media":799,"comment_status":"closed","ping_status":"closed","sticky":false,"template":"","format":"standard","meta":{"footnotes":""},"categories":[4],"tags":[],"class_list":["post-790","post","type-post","status-publish","format-standard","has-post-thumbnail","hentry","category-noticias"],"_links":{"self":[{"href":"https:\/\/www.coreduc.cl\/jsu\/wp-json\/wp\/v2\/posts\/790","targetHints":{"allow":["GET"]}}],"collection":[{"href":"https:\/\/www.coreduc.cl\/jsu\/wp-json\/wp\/v2\/posts"}],"about":[{"href":"https:\/\/www.coreduc.cl\/jsu\/wp-json\/wp\/v2\/types\/post"}],"author":[{"embeddable":true,"href":"https:\/\/www.coreduc.cl\/jsu\/wp-json\/wp\/v2\/users\/6"}],"replies":[{"embeddable":true,"href":"https:\/\/www.coreduc.cl\/jsu\/wp-json\/wp\/v2\/comments?post=790"}],"version-history":[{"count":1,"href":"https:\/\/www.coreduc.cl\/jsu\/wp-json\/wp\/v2\/posts\/790\/revisions"}],"predecessor-version":[{"id":800,"href":"https:\/\/www.coreduc.cl\/jsu\/wp-json\/wp\/v2\/posts\/790\/revisions\/800"}],"wp:featuredmedia":[{"embeddable":true,"href":"https:\/\/www.coreduc.cl\/jsu\/wp-json\/wp\/v2\/media\/799"}],"wp:attachment":[{"href":"https:\/\/www.coreduc.cl\/jsu\/wp-json\/wp\/v2\/media?parent=790"}],"wp:term":[{"taxonomy":"category","embeddable":true,"href":"https:\/\/www.coreduc.cl\/jsu\/wp-json\/wp\/v2\/categories?post=790"},{"taxonomy":"post_tag","embeddable":true,"href":"https:\/\/www.coreduc.cl\/jsu\/wp-json\/wp\/v2\/tags?post=790"}],"curies":[{"name":"wp","href":"https:\/\/api.w.org\/{rel}","templated":true}]}}