{"id":775,"date":"2026-01-05T10:06:02","date_gmt":"2026-01-05T13:06:02","guid":{"rendered":"https:\/\/www.coreduc.cl\/jsu\/?p=775"},"modified":"2026-01-05T10:17:56","modified_gmt":"2026-01-05T13:17:56","slug":"impecable-ceremonia-de-estudiantes-destacados-ano-2025-reconoce-talento-desempeno-academico-y-aspectos-valoricos","status":"publish","type":"post","link":"https:\/\/www.coreduc.cl\/jsu\/impecable-ceremonia-de-estudiantes-destacados-ano-2025-reconoce-talento-desempeno-academico-y-aspectos-valoricos\/","title":{"rendered":"Impecable ceremonia de estudiantes destacados a\u00f1o 2025 reconoce talento, desempe\u00f1o acad\u00e9mico y aspectos val\u00f3ricos"},"content":{"rendered":"<div class=\"wpb-content-wrapper\"><p>[vc_row css_animation=\u00bb\u00bb row_type=\u00bbrow\u00bb use_row_as_full_screen_section=\u00bbno\u00bb type=\u00bbfull_width\u00bb angled_section=\u00bbno\u00bb text_align=\u00bbleft\u00bb background_image_as_pattern=\u00bbwithout_pattern\u00bb][vc_column][vc_empty_space][vc_row_inner row_type=\u00bbrow\u00bb type=\u00bbfull_width\u00bb text_align=\u00bbleft\u00bb css_animation=\u00bb\u00bb][vc_column_inner][vc_column_text css=\u00bb\u00bb]En primera instancia la ense\u00f1anza b\u00e1sica y luego la ense\u00f1anza media vivieron sus respectivos actos de reconocimientos para los estudiantes destacadas\/os. La instancia solemne fue organizada y coordinada por la Direcci\u00f3n de Convivencia Educativa.<\/p>\n<p>Resaltar diversos aspectos en la educaci\u00f3n es una forma de ejemplificar e inspirar a una comunidad y generar un perfil institucional basado en diversos aspectos como el acad\u00e9mico, emocional, val\u00f3rico e integral.<\/p>\n<p>Las ceremonias contaron con la presencia de las autoridades de nuestra instituci\u00f3n, docentes y estudiantes de los diversos cursos, adem\u00e1s cont\u00f3 con la particularidad de ser transmitido en vivo mediante nuestro canal de youtube, lo que genera cercan\u00eda ante momentos significativos de nuestra entidad ante la comunidad,<\/p>\n<p>En la oportunidad las distinciones entregadas fueron mejor compa\u00f1ero y compa\u00f1era, cuya elecci\u00f3n tiene un car\u00e1cter especial, ya que la elecci\u00f3n es realizada\u00a0 entre los mismos compa\u00f1eros de cursos. Tambi\u00e9n se reconoci\u00f3 el esfuerzo, mejores rendimientos acad\u00e9micos y premio promedio corporativo, cuya calificaci\u00f3n es la mejor por nivel.<\/p>\n<p>Sin lugar a duda fue una jornada inolvidable y el fiel reflejo del fortalecimiento y desarrollo de\u00a0 los pilares de nuestro proyecto educativo institucional, felicitamos a los estudiantes reconocidos y sus familias, al cuerpo docente del liceo, profesionales y asistentes de la educaci\u00f3n, quienes gu\u00edan el paso d\u00eda a d\u00eda de los estudiantes por nuestras aulas.[\/vc_column_text][\/vc_column_inner][\/vc_row_inner][vc_empty_space][\/vc_column][\/vc_row][vc_row css_animation=\u00bb\u00bb row_type=\u00bbrow\u00bb use_row_as_full_screen_section=\u00bbno\u00bb type=\u00bbfull_width\u00bb angled_section=\u00bbno\u00bb text_align=\u00bbleft\u00bb background_image_as_pattern=\u00bbwithout_pattern\u00bb][vc_column][vc_gallery type=\u00bbimage_grid\u00bb images=\u00bb781,782,783,784,785,786&#8243; css=\u00bb\u00bb column_number=\u00bb3&#8243; grayscale=\u00bbno\u00bb images_space=\u00bbgallery_with_space\u00bb][\/vc_column][\/vc_row]<\/p>\n<\/div>","protected":false},"excerpt":{"rendered":"<p>En primera instancia la ense\u00f1anza b\u00e1sica y luego la ense\u00f1anza media vivieron sus respectivos actos de reconocimientos para los estudiantes destacadas\/os. La instancia solemne fue organizada y coordinada por la Direcci\u00f3n de Convivencia Educativa.<\/p>\n","protected":false},"author":6,"featured_media":789,"comment_status":"closed","ping_status":"closed","sticky":false,"template":"","format":"standard","meta":{"footnotes":""},"categories":[4],"tags":[],"class_list":["post-775","post","type-post","status-publish","format-standard","has-post-thumbnail","hentry","category-noticias"],"_links":{"self":[{"href":"https:\/\/www.coreduc.cl\/jsu\/wp-json\/wp\/v2\/posts\/775","targetHints":{"allow":["GET"]}}],"collection":[{"href":"https:\/\/www.coreduc.cl\/jsu\/wp-json\/wp\/v2\/posts"}],"about":[{"href":"https:\/\/www.coreduc.cl\/jsu\/wp-json\/wp\/v2\/types\/post"}],"author":[{"embeddable":true,"href":"https:\/\/www.coreduc.cl\/jsu\/wp-json\/wp\/v2\/users\/6"}],"replies":[{"embeddable":true,"href":"https:\/\/www.coreduc.cl\/jsu\/wp-json\/wp\/v2\/comments?post=775"}],"version-history":[{"count":3,"href":"https:\/\/www.coreduc.cl\/jsu\/wp-json\/wp\/v2\/posts\/775\/revisions"}],"predecessor-version":[{"id":801,"href":"https:\/\/www.coreduc.cl\/jsu\/wp-json\/wp\/v2\/posts\/775\/revisions\/801"}],"wp:featuredmedia":[{"embeddable":true,"href":"https:\/\/www.coreduc.cl\/jsu\/wp-json\/wp\/v2\/media\/789"}],"wp:attachment":[{"href":"https:\/\/www.coreduc.cl\/jsu\/wp-json\/wp\/v2\/media?parent=775"}],"wp:term":[{"taxonomy":"category","embeddable":true,"href":"https:\/\/www.coreduc.cl\/jsu\/wp-json\/wp\/v2\/categories?post=775"},{"taxonomy":"post_tag","embeddable":true,"href":"https:\/\/www.coreduc.cl\/jsu\/wp-json\/wp\/v2\/tags?post=775"}],"curies":[{"name":"wp","href":"https:\/\/api.w.org\/{rel}","templated":true}]}}