{"id":748,"date":"2025-12-02T16:42:41","date_gmt":"2025-12-02T19:42:41","guid":{"rendered":"https:\/\/www.coreduc.cl\/jsu\/?p=748"},"modified":"2026-01-05T10:19:18","modified_gmt":"2026-01-05T13:19:18","slug":"emociones-hitos-pedagogicos-y-aprendizajes-marcan-la-ultima-parte-del-ano-titulacion","status":"publish","type":"post","link":"https:\/\/www.coreduc.cl\/jsu\/emociones-hitos-pedagogicos-y-aprendizajes-marcan-la-ultima-parte-del-ano-titulacion\/","title":{"rendered":"Emociones, hitos pedag\u00f3gicos y aprendizajes marcan la \u00faltima parte del a\u00f1o titulaci\u00f3n"},"content":{"rendered":"<div class=\"wpb-content-wrapper\"><p>[vc_row css_animation=\u00bb\u00bb row_type=\u00bbrow\u00bb use_row_as_full_screen_section=\u00bbno\u00bb type=\u00bbfull_width\u00bb angled_section=\u00bbno\u00bb text_align=\u00bbleft\u00bb background_image_as_pattern=\u00bbwithout_pattern\u00bb][vc_column][vc_empty_space][vc_row_inner row_type=\u00bbrow\u00bb type=\u00bbfull_width\u00bb text_align=\u00bbleft\u00bb css_animation=\u00bb\u00bb][vc_column_inner][vc_column_text css=\u00bb\u00bb]102 estudiantes de la generaci\u00f3n 2024 regresaron a nuestras dependencias para vivir un hito importante en sus vidas, recibir sus t\u00edtulos con menci\u00f3n en Administraci\u00f3n Menci\u00f3n Recursos Humanos y Montaje Industrial en una impecable ceremonia de titulaci\u00f3n.<\/p>\n<p>Nuestro Rector Edgardo Quezada Arias, se mostr\u00f3 contento por los j\u00f3venes \u201ccomo Rector no puedo evitar sentir una profunda emoci\u00f3n al verlos aqu\u00ed, los vimos caerse, levantarse, aprender, formar amistades y empezar a descubrir sus talentos\u201d, adem\u00e1s la m\u00e1xima autoridad estudiantil destac\u00f3 a Laura y Paloma, estudiantes que tuvieron que enfrentar dificultades de salud para salir adelante y que son grandes ejemplos de resiliencia y que se puede luchar por los sue\u00f1os.<\/p>\n<p><strong>DESPEDIDA DE 4\u00b0 MEDIO<\/strong><br \/>\nSemana cuartina, \u00faltimo d\u00eda de clases y la licenciatura marcaron el fin de una etapa para nuestros cuartos medios, la cual ser\u00e1 una experiencia de vida inolvidable, pero tambi\u00e9n es el inicio de nuevos desaf\u00edos, oportunidades y sue\u00f1os para nuestros estudiantes. Fueron d\u00edas de emoci\u00f3n, pero tambi\u00e9n de celebrar que lograron un gran paso en la vida.<\/p>\n<p><strong>HITOS PEDAG\u00d3GICOS Y APRENDIZAJES<\/strong><br \/>\nEl Departamento de Ciencias, organiz\u00f3 una nueva versi\u00f3n de nuestra Feria Cient\u00edfica, la cual congreg\u00f3 a la comunidad entorno a exposiciones, adem\u00e1s diversas casas de estudios superior fueron parte de la actividad.<\/p>\n<p>Otra iniciativa innovadora en el aula fue la \u201cPijamada Literaria\u201d, organizada por el s\u00e9ptimo b\u00e1sico b, mediante la creaci\u00f3n de textos literarios, los cuales fueron exhibidos bajo el formato de pijamada, entregando estrategias de aprendizajes cercanas y significativas.<\/p>\n<p>Una nueva versi\u00f3n de la Feria Costumbrista se llev\u00f3 a cabo, la cual rescata las ra\u00edces y costumbres de diversos pa\u00edses latinoamericanos, donde la particularidad es que la mayor\u00eda de los pa\u00edses representados son de estudiantes y familias que pertenecen a nuestra comunidad.<\/p>\n<p>Otro momento importante fue la participaci\u00f3n de estudiantes de nuestro liceo en el Taller de Escritura Creativa, dictado por la Universidad Cat\u00f3lica de la Sant\u00edsima Concepci\u00f3n, mediante estudiantes de la carrera de Pedagog\u00eda en Lenguaje y Comunicaci\u00f3n ense\u00f1anza media, donde en diversos m\u00f3dulos se entregaron las herramientas para desarrollar la escritura.<\/p>\n<p>En los hitos pedag\u00f3gicos, los cuales buscan que nuestros estudiantes aprendan contenidos y luego ese aprendizaje lo coloquen en pr\u00e1ctica ante la comunidad en entretenidas exposiciones, destacamos a los segundos b\u00e1sicos con \u201cPueblos Originarios\u201d, terceros b\u00e1sicos con \u201cEl poder de las plantas\u201d, los segundos medios nos sorprendieron con la puesta en escena de las \u201cDiversas Religiones\u201d y los<br \/>\nterceros medios conmemoraron el \u201cD\u00eda Mundial de la Filosof\u00eda\u201d.[\/vc_column_text][\/vc_column_inner][\/vc_row_inner][vc_empty_space][\/vc_column][\/vc_row][vc_row css_animation=\u00bb\u00bb row_type=\u00bbrow\u00bb use_row_as_full_screen_section=\u00bbno\u00bb type=\u00bbfull_width\u00bb angled_section=\u00bbno\u00bb text_align=\u00bbleft\u00bb background_image_as_pattern=\u00bbwithout_pattern\u00bb][vc_column][vc_gallery type=\u00bbimage_grid\u00bb images=\u00bb762,753,757,756,755,754,752,751,750,765,771,772&#8243; css=\u00bb\u00bb column_number=\u00bb3&#8243; grayscale=\u00bbno\u00bb images_space=\u00bbgallery_with_space\u00bb][\/vc_column][\/vc_row]<\/p>\n<\/div>","protected":false},"excerpt":{"rendered":"<p>102 estudiantes de la generaci\u00f3n 2024 regresaron a nuestras dependencias para vivir un hito importante en sus vidas, recibir sus t\u00edtulos con menci\u00f3n en Administraci\u00f3n Menci\u00f3n Recursos Humanos y Montaje Industrial en una impecable ceremonia de titulaci\u00f3n.<\/p>\n","protected":false},"author":6,"featured_media":749,"comment_status":"closed","ping_status":"closed","sticky":false,"template":"","format":"standard","meta":{"footnotes":""},"categories":[4],"tags":[],"class_list":["post-748","post","type-post","status-publish","format-standard","has-post-thumbnail","hentry","category-noticias"],"_links":{"self":[{"href":"https:\/\/www.coreduc.cl\/jsu\/wp-json\/wp\/v2\/posts\/748","targetHints":{"allow":["GET"]}}],"collection":[{"href":"https:\/\/www.coreduc.cl\/jsu\/wp-json\/wp\/v2\/posts"}],"about":[{"href":"https:\/\/www.coreduc.cl\/jsu\/wp-json\/wp\/v2\/types\/post"}],"author":[{"embeddable":true,"href":"https:\/\/www.coreduc.cl\/jsu\/wp-json\/wp\/v2\/users\/6"}],"replies":[{"embeddable":true,"href":"https:\/\/www.coreduc.cl\/jsu\/wp-json\/wp\/v2\/comments?post=748"}],"version-history":[{"count":4,"href":"https:\/\/www.coreduc.cl\/jsu\/wp-json\/wp\/v2\/posts\/748\/revisions"}],"predecessor-version":[{"id":802,"href":"https:\/\/www.coreduc.cl\/jsu\/wp-json\/wp\/v2\/posts\/748\/revisions\/802"}],"wp:featuredmedia":[{"embeddable":true,"href":"https:\/\/www.coreduc.cl\/jsu\/wp-json\/wp\/v2\/media\/749"}],"wp:attachment":[{"href":"https:\/\/www.coreduc.cl\/jsu\/wp-json\/wp\/v2\/media?parent=748"}],"wp:term":[{"taxonomy":"category","embeddable":true,"href":"https:\/\/www.coreduc.cl\/jsu\/wp-json\/wp\/v2\/categories?post=748"},{"taxonomy":"post_tag","embeddable":true,"href":"https:\/\/www.coreduc.cl\/jsu\/wp-json\/wp\/v2\/tags?post=748"}],"curies":[{"name":"wp","href":"https:\/\/api.w.org\/{rel}","templated":true}]}}