{"id":707,"date":"2025-10-07T09:59:14","date_gmt":"2025-10-07T12:59:14","guid":{"rendered":"https:\/\/www.coreduc.cl\/jsu\/?p=707"},"modified":"2025-10-07T10:01:53","modified_gmt":"2025-10-07T13:01:53","slug":"fiestas-patrias-aniversario-e-importantes-hitos-marcaron-un-mes-de-septiembre-lleno-de-festejos","status":"publish","type":"post","link":"https:\/\/www.coreduc.cl\/jsu\/fiestas-patrias-aniversario-e-importantes-hitos-marcaron-un-mes-de-septiembre-lleno-de-festejos\/","title":{"rendered":"Fiestas patrias, aniversario e importantes hitos marcaron un mes de Septiembre lleno de festejos"},"content":{"rendered":"<div class=\"wpb-content-wrapper\"><p>[vc_row css_animation=\u00bb\u00bb row_type=\u00bbrow\u00bb use_row_as_full_screen_section=\u00bbno\u00bb type=\u00bbfull_width\u00bb angled_section=\u00bbno\u00bb text_align=\u00bbleft\u00bb background_image_as_pattern=\u00bbwithout_pattern\u00bb][vc_column][vc_empty_space][vc_row_inner row_type=\u00bbrow\u00bb type=\u00bbfull_width\u00bb text_align=\u00bbleft\u00bb css_animation=\u00bb\u00bb][vc_column_inner][vc_column_text css=\u00bb\u00bb]Con la celebraci\u00f3n de los 54 a\u00f1os de existencia de nuestra entidad educacional, comenz\u00f3 el noveno mes del a\u00f1o, cuyos festejos partieron con los actos conmemorativos, para luego dar paso a las actividades de alianzas, donde m\u00e1s all\u00e1 de la competencia, se pudo ver una comunidad unida y en un ambiente de sana convivencia, prim\u00f3 el pasarlo bien y disfrutar de cada instancia.<\/p>\n<p>La creatividad, el talento y el trabajo en equipo fue parte de lo reflejado en los bailes, juegos, misiones imposibles y diversas puestas en escena.<\/p>\n<p>TIKI TIKI TIIIIII<br \/>\nLas fiestas patrias se vivieron de gran manera, donde una nueva versi\u00f3n de la \u201cMuestra Folcl\u00f3rica JSU\u201d, hizo vibrar a la comunidad con los bailes t\u00edpicos realizados por estudiantes desde primero a s\u00e9ptimo b\u00e1sico, donde estudiantado brill\u00f3 con su despliegue y vestimentas.<br \/>\nLa gran novedad para este a\u00f1o y con el objetivo de masificar la actividad fue la transmisi\u00f3n en vivo mediante nuestro canal de youtube, la cual fue realizada por el Departamento de Comunicaciones.<\/p>\n<p>El cierre de las celebraciones estuvo a cargo de los stands de los diversos cursos, donde los apoderados estuvieron a cargo de las exquisitas preparaciones t\u00edpicas chilenas, una hermosa jornada de camarader\u00eda y tradici\u00f3n culinaria.<\/p>\n<p>HITOS IMPORTANTES\u2026<br \/>\nAdem\u00e1s de las celebraciones septiembre tambi\u00e9n estuvo marcado por acontecimientos muy importantes:<\/p>\n<p>-La distinci\u00f3n recibida por Victoria Cede\u00f1o G\u00f3mez, por parte de la Seremi de la Regi\u00f3n del B\u00edo B\u00edo y BibliotecaCra B\u00edobio por su destacada participaci\u00f3n en el concurso de recomendaci\u00f3n de libros (BOOKTUBERS), la cual se desarroll\u00f3 en las dependencias de la Biblioteca Municipal de Concepci\u00f3n.<br \/>\n-7 estudiantes clasificaron a la final en nuestra primera participaci\u00f3n en la \u201cOlimpiada Regional de matem\u00e1ticas\u201d, organizada por la Universidad del B\u00edo B\u00edo.<br \/>\n-Un grupo de estudiantes de primero b\u00e1sico y del taller de cueca estuvieron mostrando su talento en el Matinal \u201cNuestra Casa\u201d del Canal 9 B\u00edo B\u00edo Televisi\u00f3n.<\/p>\n<p>Agradecemos a todas las \u00e1reas y departamentos que fueron fundamentales en coordinar y sacar adelante los diversos eventos desarrollados en septiembre, cuyo mes estuvo cargado de emociones y energ\u00edas positivas para nuestra querida instituci\u00f3n. Agradecimientos para Rector\u00eda, Departamento de Educaci\u00f3n f\u00edsica, matem\u00e1ticas, Convivencia Educativa, Centro de Estudiantes, Centro General de Padres y apoderados y para toda la comunidad JSU.[\/vc_column_text][\/vc_column_inner][\/vc_row_inner][vc_empty_space][\/vc_column][\/vc_row][vc_row css_animation=\u00bb\u00bb row_type=\u00bbrow\u00bb use_row_as_full_screen_section=\u00bbno\u00bb type=\u00bbfull_width\u00bb angled_section=\u00bbno\u00bb text_align=\u00bbleft\u00bb background_image_as_pattern=\u00bbwithout_pattern\u00bb][vc_column][vc_gallery type=\u00bbimage_grid\u00bb images=\u00bb708,709,710,711,712,713,714,715&#8243; css=\u00bb\u00bb column_number=\u00bb2&#8243; grayscale=\u00bbno\u00bb images_space=\u00bbgallery_with_space\u00bb][\/vc_column][\/vc_row]<\/p>\n<\/div>","protected":false},"excerpt":{"rendered":"<p>Con la celebraci\u00f3n de los 54 a\u00f1os de existencia de nuestra entidad educacional, comenz\u00f3 el noveno mes del a\u00f1o, cuyos festejos partieron con los actos conmemorativos, para luego dar paso a las actividades de alianzas, donde m\u00e1s all\u00e1 de la competencia, se pudo ver una comunidad unida y en un ambiente de sana convivencia, prim\u00f3 el pasarlo bien y disfrutar de<br \/>\ncada instancia.<\/p>\n","protected":false},"author":6,"featured_media":716,"comment_status":"closed","ping_status":"closed","sticky":false,"template":"","format":"standard","meta":{"footnotes":""},"categories":[4],"tags":[],"class_list":["post-707","post","type-post","status-publish","format-standard","has-post-thumbnail","hentry","category-noticias"],"_links":{"self":[{"href":"https:\/\/www.coreduc.cl\/jsu\/wp-json\/wp\/v2\/posts\/707","targetHints":{"allow":["GET"]}}],"collection":[{"href":"https:\/\/www.coreduc.cl\/jsu\/wp-json\/wp\/v2\/posts"}],"about":[{"href":"https:\/\/www.coreduc.cl\/jsu\/wp-json\/wp\/v2\/types\/post"}],"author":[{"embeddable":true,"href":"https:\/\/www.coreduc.cl\/jsu\/wp-json\/wp\/v2\/users\/6"}],"replies":[{"embeddable":true,"href":"https:\/\/www.coreduc.cl\/jsu\/wp-json\/wp\/v2\/comments?post=707"}],"version-history":[{"count":3,"href":"https:\/\/www.coreduc.cl\/jsu\/wp-json\/wp\/v2\/posts\/707\/revisions"}],"predecessor-version":[{"id":719,"href":"https:\/\/www.coreduc.cl\/jsu\/wp-json\/wp\/v2\/posts\/707\/revisions\/719"}],"wp:featuredmedia":[{"embeddable":true,"href":"https:\/\/www.coreduc.cl\/jsu\/wp-json\/wp\/v2\/media\/716"}],"wp:attachment":[{"href":"https:\/\/www.coreduc.cl\/jsu\/wp-json\/wp\/v2\/media?parent=707"}],"wp:term":[{"taxonomy":"category","embeddable":true,"href":"https:\/\/www.coreduc.cl\/jsu\/wp-json\/wp\/v2\/categories?post=707"},{"taxonomy":"post_tag","embeddable":true,"href":"https:\/\/www.coreduc.cl\/jsu\/wp-json\/wp\/v2\/tags?post=707"}],"curies":[{"name":"wp","href":"https:\/\/api.w.org\/{rel}","templated":true}]}}