{"id":695,"date":"2025-09-02T13:21:10","date_gmt":"2025-09-02T17:21:10","guid":{"rendered":"https:\/\/www.coreduc.cl\/jsu\/?p=695"},"modified":"2025-09-02T13:22:45","modified_gmt":"2025-09-02T17:22:45","slug":"seguridad-gestion-entretencion-reconocimiento-a-nuestros-talentos-y-la-celebracion-del-dia-del-tecnico-profesional-marcaron-las-actividades-del-mes-de-agosto","status":"publish","type":"post","link":"https:\/\/www.coreduc.cl\/jsu\/seguridad-gestion-entretencion-reconocimiento-a-nuestros-talentos-y-la-celebracion-del-dia-del-tecnico-profesional-marcaron-las-actividades-del-mes-de-agosto\/","title":{"rendered":"Seguridad, Gesti\u00f3n, Entretenci\u00f3n, Reconocimiento a Nuestros Talentos y La Celebraci\u00f3n del D\u00eda del T\u00e9cnico Profesional Marcaron Las Actividades del Mes de Agosto"},"content":{"rendered":"<div class=\"wpb-content-wrapper\"><p>[vc_row css_animation=\u00bb\u00bb row_type=\u00bbrow\u00bb use_row_as_full_screen_section=\u00bbno\u00bb type=\u00bbfull_width\u00bb angled_section=\u00bbno\u00bb text_align=\u00bbleft\u00bb background_image_as_pattern=\u00bbwithout_pattern\u00bb][vc_column][vc_empty_space][vc_row_inner row_type=\u00bbrow\u00bb type=\u00bbfull_width\u00bb text_align=\u00bbleft\u00bb css_animation=\u00bb\u00bb][vc_column_inner][vc_column_text css=\u00bb\u00bb]<\/p>\n<ul>\n<li>El octavo mes del a\u00f1o estuvo con una agenda muy nutrida de actividades, donde una de las grandes noticias fue la reuni\u00f3n que sostuvo nuestro Rector, Edgardo Quezada Arias junto a Carabineros de Chile, Seguridad P\u00fablica de la Municipalidad de Concepci\u00f3n y la Delegaci\u00f3n Municipal de nuestro sector de Barrio Norte, con el objetivo de coordinar diversas acciones en el \u00e1mbito de seguridad en el entorno de nuestra comunidad y tambi\u00e9n medidas preventivas y de conocimiento sobre delitos, drogas y alcohol.<\/li>\n<li>Con el fin de fortalecer el crecimiento y desarrollo del \u00e1rea T\u00e9cnico Profesional nuestra instituci\u00f3n permanentemente busca mejorar diversos aspectos y procesos que enriquezcan las pr\u00e1cticas y aprendizajes, por lo tanto, es fundamental generar instancias de di\u00e1logo con empresarios, consolidando las alianzas y acuerdos.<br \/>\nEn la reuni\u00f3n realizada en las instalaciones de nuestro liceo estuvieron presentes representantes de la empresas de galvanizado BBOSH, Cementos B\u00edo B\u00edo, Zaromax y Constructora Baremi.<\/li>\n<li>Debido a la celebraci\u00f3n del D\u00eda de la Ni\u00f1ez en el mes de agosto, nuestro Centro de Estudiantes junto a un grupo de estudiantes organiz\u00f3 una actividad de baile, pintacaritas y entretenci\u00f3n para festejar a los ni\u00f1os y ni\u00f1as de primer ciclo.<\/li>\n<li>Con la finalidad de reconocer los talentos y habilidades de nuestros estudiantes, se realiz\u00f3 un desayuno con los estudiantes que nos representaron en el concurso de recomendaci\u00f3n de libros del Ministerio de Educaci\u00f3n y BiblioCra, \u201cBooktubers\u201d.<\/li>\n<li>Cabe destacar a las estudiantes que participaron en la iniciativa \u201cTechnovation Girls\u201d, quienes crearon diversas ideas con el fin de transformar una aplicaci\u00f3n que ayude a resolver problemas en la sociedad, acercando a las ni\u00f1as al desarrollo de nuevas tecnolog\u00edas y la innovaci\u00f3n digital.<\/li>\n<li>Con un acto significativo y la presencia de representantes de empresas se conmemor\u00f3 el D\u00eda del T\u00e9cnico Profesional, donde nuestro Director de Formaci\u00f3n T\u00e9cnica Profesional Don Luis Hidalgo Zarricueta, destac\u00f3 el aporte de nuestra instituci\u00f3n a la sociedad e inst\u00f3 a los j\u00f3venes a mantener la responsabilidad y compromiso en el quehacer diario estudiantil.<\/li>\n<\/ul>\n<p>[\/vc_column_text][\/vc_column_inner][\/vc_row_inner][vc_empty_space][\/vc_column][\/vc_row][vc_row css_animation=\u00bb\u00bb row_type=\u00bbrow\u00bb use_row_as_full_screen_section=\u00bbno\u00bb type=\u00bbfull_width\u00bb angled_section=\u00bbno\u00bb text_align=\u00bbleft\u00bb background_image_as_pattern=\u00bbwithout_pattern\u00bb][vc_column][vc_gallery type=\u00bbimage_grid\u00bb images=\u00bb700,697,698,699,696&#8243; css=\u00bb\u00bb column_number=\u00bb2&#8243; grayscale=\u00bbno\u00bb images_space=\u00bbgallery_with_space\u00bb][\/vc_column][\/vc_row]<\/p>\n<\/div>","protected":false},"excerpt":{"rendered":"<p>\u2022\tEl octavo mes del a\u00f1o estuvo con una agenda muy nutrida de actividades, donde una de las grandes noticias fue la reuni\u00f3n que sostuvo nuestro Rector, Edgardo Quezada Arias junto a Carabineros de Chile, Seguridad P\u00fablica de la Municipalidad de Concepci\u00f3n y la Delegaci\u00f3n Municipal de nuestro sector de Barrio Norte, con el objetivo de coordinar diversas acciones en el \u00e1mbito de seguridad en el entorno de nuestra comunidad y tambi\u00e9n medidas preventivas y de conocimiento sobre delitos, drogas y alcohol.<\/p>\n","protected":false},"author":6,"featured_media":701,"comment_status":"closed","ping_status":"closed","sticky":false,"template":"","format":"standard","meta":{"footnotes":""},"categories":[4],"tags":[],"class_list":["post-695","post","type-post","status-publish","format-standard","has-post-thumbnail","hentry","category-noticias"],"_links":{"self":[{"href":"https:\/\/www.coreduc.cl\/jsu\/wp-json\/wp\/v2\/posts\/695","targetHints":{"allow":["GET"]}}],"collection":[{"href":"https:\/\/www.coreduc.cl\/jsu\/wp-json\/wp\/v2\/posts"}],"about":[{"href":"https:\/\/www.coreduc.cl\/jsu\/wp-json\/wp\/v2\/types\/post"}],"author":[{"embeddable":true,"href":"https:\/\/www.coreduc.cl\/jsu\/wp-json\/wp\/v2\/users\/6"}],"replies":[{"embeddable":true,"href":"https:\/\/www.coreduc.cl\/jsu\/wp-json\/wp\/v2\/comments?post=695"}],"version-history":[{"count":3,"href":"https:\/\/www.coreduc.cl\/jsu\/wp-json\/wp\/v2\/posts\/695\/revisions"}],"predecessor-version":[{"id":704,"href":"https:\/\/www.coreduc.cl\/jsu\/wp-json\/wp\/v2\/posts\/695\/revisions\/704"}],"wp:featuredmedia":[{"embeddable":true,"href":"https:\/\/www.coreduc.cl\/jsu\/wp-json\/wp\/v2\/media\/701"}],"wp:attachment":[{"href":"https:\/\/www.coreduc.cl\/jsu\/wp-json\/wp\/v2\/media?parent=695"}],"wp:term":[{"taxonomy":"category","embeddable":true,"href":"https:\/\/www.coreduc.cl\/jsu\/wp-json\/wp\/v2\/categories?post=695"},{"taxonomy":"post_tag","embeddable":true,"href":"https:\/\/www.coreduc.cl\/jsu\/wp-json\/wp\/v2\/tags?post=695"}],"curies":[{"name":"wp","href":"https:\/\/api.w.org\/{rel}","templated":true}]}}