{"id":683,"date":"2025-08-05T10:04:49","date_gmt":"2025-08-05T14:04:49","guid":{"rendered":"https:\/\/www.coreduc.cl\/jsu\/?p=683"},"modified":"2025-08-05T10:04:49","modified_gmt":"2025-08-05T14:04:49","slug":"la-llegada-del-invierno-trajo-momentos-de-alegria-identidad-e-importantes-logros-para-el-liceo-jorge-sanchez-ugarte","status":"publish","type":"post","link":"https:\/\/www.coreduc.cl\/jsu\/la-llegada-del-invierno-trajo-momentos-de-alegria-identidad-e-importantes-logros-para-el-liceo-jorge-sanchez-ugarte\/","title":{"rendered":"LA LLEGADA DEL INVIERNO TRAJO MOMENTOS DE ALEGR\u00cdA, IDENTIDAD E IMPORTANTES LOGROS PARA EL LICEO JORGE S\u00c1NCHEZ UGARTE"},"content":{"rendered":"<div class=\"wpb-content-wrapper\"><p>[vc_row css_animation=\u00bb\u00bb row_type=\u00bbrow\u00bb use_row_as_full_screen_section=\u00bbno\u00bb type=\u00bbfull_width\u00bb angled_section=\u00bbno\u00bb text_align=\u00bbleft\u00bb background_image_as_pattern=\u00bbwithout_pattern\u00bb][vc_column][vc_empty_space][vc_row_inner row_type=\u00bbrow\u00bb type=\u00bbfull_width\u00bb text_align=\u00bbleft\u00bb css_animation=\u00bb\u00bb][vc_column_inner][vc_column_text css=\u00bb\u00bb]La finalizaci\u00f3n del primer semestre cerr\u00f3 con una linda actividad coordinada por la Biblioteca CRA del liceo, quienes organizaron la conmemoraci\u00f3n del a\u00f1o nuevo mapuche, momento donde los estudiantes disfrutaron de una muestra de comidas t\u00edpicas, exhibici\u00f3n de vestimentas, instrumentos musicales, confecci\u00f3n de telar, entre otros, generando sentido de pertenencia con nuestras ra\u00edces.<\/p>\n<p>El regreso a clases tras el receso de vacaciones estuvo marcado por una actividad in\u00e9dita, donde el taller de cueca junto a nuestro Centro de Estudiantes celebr\u00f3 \u201cel d\u00eda del cuequero\u201d, realizando una intervenci\u00f3n art\u00edstica en los recreos, marcando la permanente cercan\u00eda con la identidad.<\/p>\n<p>Adem\u00e1s de entregar las herramientas para nuestras especialidades t\u00e9cnicos profesionales, tambi\u00e9n nos enfocamos en gestionar diversas instancias con miras hacia el futuro de los estudiantes, es por esto que nos visitaron desde la Fuerza \u00c1rea de Chile, desde su Escuela de Especialidades para entregar informaci\u00f3n vocacional.<\/p>\n<p>Con mucha alegr\u00eda cerramos el mes de julio con una tremenda noticia para la comunidad del Liceo Jorge S\u00e1nchez Ugarte de Concepci\u00f3n, la estudiante Victoria Cede\u00f1o G\u00f3mez, del 8\u00b0 b\u00e1sico C, fue escogida entre las ganadoras de la Regi\u00f3n del B\u00edo B\u00edo del \u201cConcurso de Booktubers, recomendaci\u00f3n de libros\u201d, la iniciativa fue organizada por el Ministerio de Educaci\u00f3n en conjunto a las Bibliotecas CRA.[\/vc_column_text][\/vc_column_inner][\/vc_row_inner][vc_empty_space][vc_gallery type=\u00bbimage_grid\u00bb images=\u00bb684,685,686,687&#8243; img_size=\u00bbfull\u00bb css=\u00bb\u00bb column_number=\u00bb3&#8243; grayscale=\u00bbno\u00bb images_space=\u00bbgallery_with_space\u00bb][\/vc_column][\/vc_row]<\/p>\n<\/div>","protected":false},"excerpt":{"rendered":"<p>La finalizaci\u00f3n del primer semestre cerr\u00f3 con una linda actividad coordinada por la Biblioteca CRA del liceo<\/p>\n","protected":false},"author":4,"featured_media":687,"comment_status":"closed","ping_status":"closed","sticky":false,"template":"","format":"standard","meta":{"footnotes":""},"categories":[4],"tags":[],"class_list":["post-683","post","type-post","status-publish","format-standard","has-post-thumbnail","hentry","category-noticias"],"_links":{"self":[{"href":"https:\/\/www.coreduc.cl\/jsu\/wp-json\/wp\/v2\/posts\/683","targetHints":{"allow":["GET"]}}],"collection":[{"href":"https:\/\/www.coreduc.cl\/jsu\/wp-json\/wp\/v2\/posts"}],"about":[{"href":"https:\/\/www.coreduc.cl\/jsu\/wp-json\/wp\/v2\/types\/post"}],"author":[{"embeddable":true,"href":"https:\/\/www.coreduc.cl\/jsu\/wp-json\/wp\/v2\/users\/4"}],"replies":[{"embeddable":true,"href":"https:\/\/www.coreduc.cl\/jsu\/wp-json\/wp\/v2\/comments?post=683"}],"version-history":[{"count":1,"href":"https:\/\/www.coreduc.cl\/jsu\/wp-json\/wp\/v2\/posts\/683\/revisions"}],"predecessor-version":[{"id":688,"href":"https:\/\/www.coreduc.cl\/jsu\/wp-json\/wp\/v2\/posts\/683\/revisions\/688"}],"wp:featuredmedia":[{"embeddable":true,"href":"https:\/\/www.coreduc.cl\/jsu\/wp-json\/wp\/v2\/media\/687"}],"wp:attachment":[{"href":"https:\/\/www.coreduc.cl\/jsu\/wp-json\/wp\/v2\/media?parent=683"}],"wp:term":[{"taxonomy":"category","embeddable":true,"href":"https:\/\/www.coreduc.cl\/jsu\/wp-json\/wp\/v2\/categories?post=683"},{"taxonomy":"post_tag","embeddable":true,"href":"https:\/\/www.coreduc.cl\/jsu\/wp-json\/wp\/v2\/tags?post=683"}],"curies":[{"name":"wp","href":"https:\/\/api.w.org\/{rel}","templated":true}]}}