{"id":668,"date":"2025-05-06T16:42:05","date_gmt":"2025-05-06T20:42:05","guid":{"rendered":"https:\/\/www.coreduc.cl\/jsu\/?p=668"},"modified":"2025-05-06T16:51:21","modified_gmt":"2025-05-06T20:51:21","slug":"liceo-jorge-sanchez-ugarte-celebra-con-alegria-dia-de-la-convivencia-educativa","status":"publish","type":"post","link":"https:\/\/www.coreduc.cl\/jsu\/liceo-jorge-sanchez-ugarte-celebra-con-alegria-dia-de-la-convivencia-educativa\/","title":{"rendered":"Liceo Jorge S\u00e1nchez Ugarte celebra con alegr\u00eda \u201cD\u00eda de la Convivencia Educativa\u201d"},"content":{"rendered":"<div class=\"wpb-content-wrapper\"><p>[vc_row css_animation=\u00bb\u00bb row_type=\u00bbrow\u00bb use_row_as_full_screen_section=\u00bbno\u00bb type=\u00bbfull_width\u00bb angled_section=\u00bbno\u00bb text_align=\u00bbleft\u00bb background_image_as_pattern=\u00bbwithout_pattern\u00bb][vc_column][vc_empty_space][vc_row_inner row_type=\u00bbrow\u00bb type=\u00bbfull_width\u00bb text_align=\u00bbleft\u00bb css_animation=\u00bb\u00bb][vc_column_inner][vc_column_text css=\u00bb\u00bb]Con diversas actividades de \u00edndole val\u00f3rico y recreativo, el viernes 25 de abril, nuestros estudiantes de primero b\u00e1sico a cuarto medio, disfrutaron de una jornada reflexiva entorno a vivenciar y tomar conciencia de lo fundamental que es cuidar el entorno y la sana convivencia educativa.<\/p>\n<p>En la oportunidad se trabaj\u00f3 en una planificaci\u00f3n adaptada a los diversos niveles, cuyo eje central fue organizado por la Direcci\u00f3n de Convivencia Educativa y cuyos resultados pueden ser apreciados en los trabajos que se exhiben en el hall del liceo.<\/p>\n<p>En la jornada podemos destacar que se realizaron actividades deportivas, art\u00edsticas, juegos de mesa y de sal\u00f3n, y acciones de reflexi\u00f3n mediante trabajos realizados por el estudiantado, los cuales buscaban potenciar valores como la honestidad, respeto, responsabilidad y la empat\u00eda, adem\u00e1s de actitudes como la proactividad, puntualidad, el positivismo ante las dificultades, entre otras.<\/p>\n<p>Sin lugar a duda fue una linda jornada para el crecimiento personal de cada miembro que compone la entidad educativa y lo cual es replicado mediante un plan de trabajo anual en nuestro en el establecimiento fortaleciendo constantemente un buen convivir.[\/vc_column_text][\/vc_column_inner][\/vc_row_inner][vc_empty_space][vc_gallery type=\u00bbimage_grid\u00bb images=\u00bb669,670,671,672,673,674,675,676&#8243; img_size=\u00bbfull\u00bb css=\u00bb\u00bb column_number=\u00bb3&#8243; grayscale=\u00bbno\u00bb images_space=\u00bbgallery_with_space\u00bb][\/vc_column][\/vc_row]<\/p>\n<\/div>","protected":false},"excerpt":{"rendered":"<p>Con diversas actividades de \u00edndole val\u00f3rico y recreativo, el viernes 25 de abril, nuestros estudiantes de primero b\u00e1sico a cuarto medio, disfrutaron de una jornada reflexiva entorno a vivenciar y tomar conciencia de lo fundamental que es cuidar el entorno y la sana convivencia educativa<\/p>\n","protected":false},"author":4,"featured_media":676,"comment_status":"closed","ping_status":"closed","sticky":false,"template":"","format":"standard","meta":{"footnotes":""},"categories":[4],"tags":[],"class_list":["post-668","post","type-post","status-publish","format-standard","has-post-thumbnail","hentry","category-noticias"],"_links":{"self":[{"href":"https:\/\/www.coreduc.cl\/jsu\/wp-json\/wp\/v2\/posts\/668","targetHints":{"allow":["GET"]}}],"collection":[{"href":"https:\/\/www.coreduc.cl\/jsu\/wp-json\/wp\/v2\/posts"}],"about":[{"href":"https:\/\/www.coreduc.cl\/jsu\/wp-json\/wp\/v2\/types\/post"}],"author":[{"embeddable":true,"href":"https:\/\/www.coreduc.cl\/jsu\/wp-json\/wp\/v2\/users\/4"}],"replies":[{"embeddable":true,"href":"https:\/\/www.coreduc.cl\/jsu\/wp-json\/wp\/v2\/comments?post=668"}],"version-history":[{"count":3,"href":"https:\/\/www.coreduc.cl\/jsu\/wp-json\/wp\/v2\/posts\/668\/revisions"}],"predecessor-version":[{"id":679,"href":"https:\/\/www.coreduc.cl\/jsu\/wp-json\/wp\/v2\/posts\/668\/revisions\/679"}],"wp:featuredmedia":[{"embeddable":true,"href":"https:\/\/www.coreduc.cl\/jsu\/wp-json\/wp\/v2\/media\/676"}],"wp:attachment":[{"href":"https:\/\/www.coreduc.cl\/jsu\/wp-json\/wp\/v2\/media?parent=668"}],"wp:term":[{"taxonomy":"category","embeddable":true,"href":"https:\/\/www.coreduc.cl\/jsu\/wp-json\/wp\/v2\/categories?post=668"},{"taxonomy":"post_tag","embeddable":true,"href":"https:\/\/www.coreduc.cl\/jsu\/wp-json\/wp\/v2\/tags?post=668"}],"curies":[{"name":"wp","href":"https:\/\/api.w.org\/{rel}","templated":true}]}}