{"id":617,"date":"2024-11-05T15:33:38","date_gmt":"2024-11-05T18:33:38","guid":{"rendered":"https:\/\/www.coreduc.cl\/jsu\/?p=617"},"modified":"2024-11-05T15:35:28","modified_gmt":"2024-11-05T18:35:28","slug":"acercandonos-a-la-discapacidad-visual","status":"publish","type":"post","link":"https:\/\/www.coreduc.cl\/jsu\/acercandonos-a-la-discapacidad-visual\/","title":{"rendered":"Acerc\u00e1ndonos a la discapacidad visual"},"content":{"rendered":"<div class=\"wpb-content-wrapper\"><p>[vc_row css_animation=\u00bb\u00bb row_type=\u00bbrow\u00bb use_row_as_full_screen_section=\u00bbno\u00bb type=\u00bbfull_width\u00bb angled_section=\u00bbno\u00bb text_align=\u00bbleft\u00bb background_image_as_pattern=\u00bbwithout_pattern\u00bb][vc_column][vc_empty_space][vc_row_inner row_type=\u00bbrow\u00bb type=\u00bbfull_width\u00bb text_align=\u00bbleft\u00bb css_animation=\u00bb\u00bb][vc_column_inner][vc_column_text css=\u00bb\u00bb]El Programa de Integraci\u00f3n Escolar PIE en conjunto con COALIVI, llevaron a cabo la Jornada de Sensibilizaci\u00f3n sobre la Discapacidad Visual, dirigida a toda la comunidad educativa de nuestro establecimiento. Las actividades se realizaron el d\u00eda mi\u00e9rcoles 9 y viernes 11 de octubre, donde el primer d\u00eda se realiz\u00f3 una charla y ejercicio visual con estudiantes del 7\u00b0 a\u00f1o B, curso al que pertenece Antonia, estudiante que presenta este tipo de discapacidad, actividades que ten\u00edan como objetivo lograr que su entorno escolar empatice con las necesidades y barreras a las que ella, como todos quienes tienen esta condici\u00f3n, se enfrentan d\u00eda a d\u00eda.<\/p>\n<p>As\u00ed mismo, el d\u00eda viernes 11 se mont\u00f3 una muestra con distintos m\u00f3dulos donde los estudiantes, funcionarios y apoderados tuvieron la posibilidad de experimentar las sensaciones de tener que percibir su entorno sin visi\u00f3n y por medio de otros sentidos, conocer la escritura en braille escribiendo su nombre, dibujar en relieve, conocer las distintas ayudas \u00f3pticas que utilizan las personas con discapacidad visual (bast\u00f3n, scanner, telescopio, lupa, bast\u00f3n, libros macrotipo, etc.), acerc\u00e1ndose al mundo no vidente. Toda esta jornada fue coronada con la participaci\u00f3n musical de nuestra estudiante Antonia Vallejos quien, junto a Anais Vera, estudiante invitada, nos deleitaron con sus canciones, mostrando que el talento siempre se puede cultivar y que las barreras se pueden sortear.<br \/>\n[\/vc_column_text][\/vc_column_inner][\/vc_row_inner][vc_empty_space][vc_gallery type=\u00bbimage_grid\u00bb images=\u00bb620,621,622,623,624,625,626,627,628,629,630,631,632,633,634,635,636,637,619&#8243; img_size=\u00bb400&#215;300&#8243; css=\u00bb\u00bb column_number=\u00bb3&#8243; grayscale=\u00bbno\u00bb images_space=\u00bbgallery_with_space\u00bb][\/vc_column][\/vc_row]<\/p>\n<\/div>","protected":false},"excerpt":{"rendered":"<p>[vc_row css_animation=\u00bb\u00bb row_type=\u00bbrow\u00bb use_row_as_full_screen_section=\u00bbno\u00bb type=\u00bbfull_width\u00bb angled_section=\u00bbno\u00bb text_align=\u00bbleft\u00bb background_image_as_pattern=\u00bbwithout_pattern\u00bb][vc_column][vc_empty_space][vc_row_inner row_type=\u00bbrow\u00bb type=\u00bbfull_width\u00bb text_align=\u00bbleft\u00bb css_animation=\u00bb\u00bb][vc_column_inner][vc_column_text css=\u00bb\u00bb]El Programa de Integraci\u00f3n Escolar PIE en conjunto con COALIVI, llevaron a cabo la Jornada de Sensibilizaci\u00f3n sobre la Discapacidad Visual, dirigida a toda la comunidad educativa de nuestro establecimiento. Las actividades se&#8230;<\/p>\n","protected":false},"author":6,"featured_media":619,"comment_status":"closed","ping_status":"closed","sticky":false,"template":"","format":"standard","meta":{"footnotes":""},"categories":[4],"tags":[],"class_list":["post-617","post","type-post","status-publish","format-standard","has-post-thumbnail","hentry","category-noticias"],"_links":{"self":[{"href":"https:\/\/www.coreduc.cl\/jsu\/wp-json\/wp\/v2\/posts\/617","targetHints":{"allow":["GET"]}}],"collection":[{"href":"https:\/\/www.coreduc.cl\/jsu\/wp-json\/wp\/v2\/posts"}],"about":[{"href":"https:\/\/www.coreduc.cl\/jsu\/wp-json\/wp\/v2\/types\/post"}],"author":[{"embeddable":true,"href":"https:\/\/www.coreduc.cl\/jsu\/wp-json\/wp\/v2\/users\/6"}],"replies":[{"embeddable":true,"href":"https:\/\/www.coreduc.cl\/jsu\/wp-json\/wp\/v2\/comments?post=617"}],"version-history":[{"count":4,"href":"https:\/\/www.coreduc.cl\/jsu\/wp-json\/wp\/v2\/posts\/617\/revisions"}],"predecessor-version":[{"id":640,"href":"https:\/\/www.coreduc.cl\/jsu\/wp-json\/wp\/v2\/posts\/617\/revisions\/640"}],"wp:featuredmedia":[{"embeddable":true,"href":"https:\/\/www.coreduc.cl\/jsu\/wp-json\/wp\/v2\/media\/619"}],"wp:attachment":[{"href":"https:\/\/www.coreduc.cl\/jsu\/wp-json\/wp\/v2\/media?parent=617"}],"wp:term":[{"taxonomy":"category","embeddable":true,"href":"https:\/\/www.coreduc.cl\/jsu\/wp-json\/wp\/v2\/categories?post=617"},{"taxonomy":"post_tag","embeddable":true,"href":"https:\/\/www.coreduc.cl\/jsu\/wp-json\/wp\/v2\/tags?post=617"}],"curies":[{"name":"wp","href":"https:\/\/api.w.org\/{rel}","templated":true}]}}