{"id":612,"date":"2024-11-05T15:23:02","date_gmt":"2024-11-05T18:23:02","guid":{"rendered":"https:\/\/www.coreduc.cl\/jsu\/?p=612"},"modified":"2024-11-05T15:23:22","modified_gmt":"2024-11-05T18:23:22","slug":"celebracion-30-anos-del-programa-bibliotecas-escolares-cra","status":"publish","type":"post","link":"https:\/\/www.coreduc.cl\/jsu\/celebracion-30-anos-del-programa-bibliotecas-escolares-cra\/","title":{"rendered":"Celebraci\u00f3n 30 a\u00f1os del Programa Bibliotecas escolares CRA"},"content":{"rendered":"<div class=\"wpb-content-wrapper\"><p>[vc_row css_animation=\u00bb\u00bb row_type=\u00bbrow\u00bb use_row_as_full_screen_section=\u00bbno\u00bb type=\u00bbfull_width\u00bb angled_section=\u00bbno\u00bb text_align=\u00bbleft\u00bb background_image_as_pattern=\u00bbwithout_pattern\u00bb][vc_column][vc_empty_space][vc_row_inner row_type=\u00bbrow\u00bb type=\u00bbfull_width\u00bb text_align=\u00bbleft\u00bb css_animation=\u00bb\u00bb][vc_column_inner][vc_column_text css=\u00bb\u00bb]En el marco de la celebraci\u00f3n de los 30 a\u00f1os de las Bibliotecas CRA, el Ministerio de Educaci\u00f3n convoc\u00f3 a todos los funcionarios y coordinadores de Bibliotecas CRA a participar en la \u00abJornada Regional de Reconocimiento a la Trayectoria y Gesti\u00f3n de la Biblioteca CRA\u00bb. El evento se llev\u00f3 a cabo el jueves 10 de octubre, de 9:30 a 13:00 horas, en la Facultad de Humanidades y Arte de la Universidad de Concepci\u00f3n. Esta jornada busc\u00f3 honrar el compromiso y dedicaci\u00f3n de quienes, a trav\u00e9s de su trabajo en las bibliotecas escolares, han contribuido a su desarrollo y gesti\u00f3n.<br \/>\nDurante la jornada, se destac\u00f3 y reconoci\u00f3 la labor de los coordinadores\/as de Bibliotecas CRA por su amplia trayectoria y sobresaliente gesti\u00f3n, entre ellos, Enriqueta Huerta Ar\u00e1nguiz, funcionaria y Coordinadora de BiblioCra de nuestro Liceo, quien fue reconocida a nivel regional por su aporte excepcional al crecimiento y fortalecimiento de las bibliotecas escolares Cra del Ministerio de Educaci\u00f3n, quien fue acompa\u00f1ada por directivos del establecimiento y sus familiares.[\/vc_column_text][\/vc_column_inner][\/vc_row_inner][vc_empty_space][vc_gallery type=\u00bbimage_grid\u00bb images=\u00bb615,614&#8243; img_size=\u00bbfull\u00bb css=\u00bb\u00bb column_number=\u00bb2&#8243; grayscale=\u00bbno\u00bb images_space=\u00bbgallery_with_space\u00bb][\/vc_column][\/vc_row]<\/p>\n<\/div>","protected":false},"excerpt":{"rendered":"<p>[vc_row css_animation=\u00bb\u00bb row_type=\u00bbrow\u00bb use_row_as_full_screen_section=\u00bbno\u00bb type=\u00bbfull_width\u00bb angled_section=\u00bbno\u00bb text_align=\u00bbleft\u00bb background_image_as_pattern=\u00bbwithout_pattern\u00bb][vc_column][vc_empty_space][vc_row_inner row_type=\u00bbrow\u00bb type=\u00bbfull_width\u00bb text_align=\u00bbleft\u00bb css_animation=\u00bb\u00bb][vc_column_inner][vc_column_text css=\u00bb\u00bb]En el marco de la celebraci\u00f3n de los 30 a\u00f1os de las Bibliotecas CRA, el Ministerio de Educaci\u00f3n convoc\u00f3 a todos los funcionarios y coordinadores de Bibliotecas CRA a participar en la \u00abJornada&#8230;<\/p>\n","protected":false},"author":6,"featured_media":614,"comment_status":"closed","ping_status":"closed","sticky":false,"template":"","format":"standard","meta":{"footnotes":""},"categories":[4],"tags":[],"class_list":["post-612","post","type-post","status-publish","format-standard","has-post-thumbnail","hentry","category-noticias"],"_links":{"self":[{"href":"https:\/\/www.coreduc.cl\/jsu\/wp-json\/wp\/v2\/posts\/612","targetHints":{"allow":["GET"]}}],"collection":[{"href":"https:\/\/www.coreduc.cl\/jsu\/wp-json\/wp\/v2\/posts"}],"about":[{"href":"https:\/\/www.coreduc.cl\/jsu\/wp-json\/wp\/v2\/types\/post"}],"author":[{"embeddable":true,"href":"https:\/\/www.coreduc.cl\/jsu\/wp-json\/wp\/v2\/users\/6"}],"replies":[{"embeddable":true,"href":"https:\/\/www.coreduc.cl\/jsu\/wp-json\/wp\/v2\/comments?post=612"}],"version-history":[{"count":2,"href":"https:\/\/www.coreduc.cl\/jsu\/wp-json\/wp\/v2\/posts\/612\/revisions"}],"predecessor-version":[{"id":616,"href":"https:\/\/www.coreduc.cl\/jsu\/wp-json\/wp\/v2\/posts\/612\/revisions\/616"}],"wp:featuredmedia":[{"embeddable":true,"href":"https:\/\/www.coreduc.cl\/jsu\/wp-json\/wp\/v2\/media\/614"}],"wp:attachment":[{"href":"https:\/\/www.coreduc.cl\/jsu\/wp-json\/wp\/v2\/media?parent=612"}],"wp:term":[{"taxonomy":"category","embeddable":true,"href":"https:\/\/www.coreduc.cl\/jsu\/wp-json\/wp\/v2\/categories?post=612"},{"taxonomy":"post_tag","embeddable":true,"href":"https:\/\/www.coreduc.cl\/jsu\/wp-json\/wp\/v2\/tags?post=612"}],"curies":[{"name":"wp","href":"https:\/\/api.w.org\/{rel}","templated":true}]}}