{"id":558,"date":"2024-05-16T17:29:40","date_gmt":"2024-05-16T21:29:40","guid":{"rendered":"https:\/\/www.coreduc.cl\/jsu\/?p=558"},"modified":"2024-05-16T17:29:40","modified_gmt":"2024-05-16T21:29:40","slug":"liceo-bicentenario-t-p-jorge-sanchez-ugarte-participa-en-desfile-de-las-glorias-navales-de-talcahuano","status":"publish","type":"post","link":"https:\/\/www.coreduc.cl\/jsu\/liceo-bicentenario-t-p-jorge-sanchez-ugarte-participa-en-desfile-de-las-glorias-navales-de-talcahuano\/","title":{"rendered":"LICEO BICENTENARIO T.P JORGE S\u00c1NCHEZ UGARTE PARTICIPA EN  DESFILE DE LAS GLORIAS NAVALES DE TALCAHUANO."},"content":{"rendered":"<div class=\"wpb-content-wrapper\"><p>[vc_row css_animation=\u00bb\u00bb row_type=\u00bbrow\u00bb use_row_as_full_screen_section=\u00bbno\u00bb type=\u00bbfull_width\u00bb angled_section=\u00bbno\u00bb text_align=\u00bbleft\u00bb background_image_as_pattern=\u00bbwithout_pattern\u00bb][vc_column][vc_empty_space][vc_row_inner row_type=\u00bbrow\u00bb type=\u00bbfull_width\u00bb text_align=\u00bbleft\u00bb css_animation=\u00bb\u00bb][vc_column_inner][vc_column_text]Encabezado por el rector de nuestro Liceo Don Edgardo Quezada Arias m\u00e1s 35 estudiantes desde 7\u00b0 B\u00e1sico a 4\u00b0 medio rindieron homenaje en el tradicional desfile escolar a los H\u00e9roes de las Glorias Navales en la Segunda Zona Naval de la comuna de Talcahuano.<\/p>\n<p>Bajo las \u00f3rdenes del Profesor de Administraci\u00f3n V\u00edctor Rocha Montero y la colaboraci\u00f3n de nuestro asistente educativo Patricio Yevenes Zapata, nuestros estudiantes incluyendo nuestro Centro de Alumnos, dieron muestra y orgullo de representar a nuestro Liceo en esta importante Ceremonia<\/p>\n<p>Reafirmando permanentemente el compromiso institucional por promover los valores Corporativos y de la CChC, consideramos nuestra participaci\u00f3n como un hito relevante en nuestro Plan de Formaci\u00f3n Ciudadana especialmente en el planteamiento de los objetivos de Promover la comprensi\u00f3n y an\u00e1lisis del concepto de ciudadan\u00eda y los derechos y deberes asociados a ella, entendidos \u00e9stos en el marco de una rep\u00fablica democr\u00e1tica, con el prop\u00f3sito de formar una ciudadan\u00eda activa en el ejercicio y cumplimiento de estos derechos y deberes.<\/p>\n<p>Agradecemos la invitaci\u00f3n y esperamos seguir participando en a\u00f1os venideros[\/vc_column_text][\/vc_column_inner][\/vc_row_inner][vc_empty_space]<div class=\"qode-advanced-image-gallery  qode-aig-masonry-type qode-small-space  qode-image-behavior-lightbox \">\n\t<div class=\"qode-aig-inner qode-outer-space qode-aig-masonry qode-aig-three-columns\">\n\t\t<div class=\"qode-aig-grid-sizer\"><\/div>\n\t\t<div class=\"qode-aig-grid-gutter\"><\/div>\n\t\t\t\t\t\t\t\t<div class=\"qode-aig-image qode-item-space qode-aig-default-masonry-item\">\n\t\t\t\t<div class=\"qode-aig-image-inner\">\n\t\t\t\t\t\t\t\t\t\t\t<a itemprop=\"image\" class=\"qode-aig-lightbox\" href=\"https:\/\/www.coreduc.cl\/jsu\/wp-content\/uploads\/2024\/05\/not-16052024-1.jpg\" data-rel=\"prettyPhoto[image_gallery_pretty_photo-969]\" title=\"not-16052024-1\">\n\t\t\t\t\t\t\t\t\t\t\t<img loading=\"lazy\" decoding=\"async\" width=\"1500\" height=\"999\" src=\"https:\/\/www.coreduc.cl\/jsu\/wp-content\/uploads\/2024\/05\/not-16052024-1.jpg\" class=\"attachment-full size-full\" alt=\"\" srcset=\"https:\/\/www.coreduc.cl\/jsu\/wp-content\/uploads\/2024\/05\/not-16052024-1.jpg 1500w, https:\/\/www.coreduc.cl\/jsu\/wp-content\/uploads\/2024\/05\/not-16052024-1-300x200.jpg 300w, https:\/\/www.coreduc.cl\/jsu\/wp-content\/uploads\/2024\/05\/not-16052024-1-1024x682.jpg 1024w, https:\/\/www.coreduc.cl\/jsu\/wp-content\/uploads\/2024\/05\/not-16052024-1-768x511.jpg 768w, https:\/\/www.coreduc.cl\/jsu\/wp-content\/uploads\/2024\/05\/not-16052024-1-700x466.jpg 700w\" sizes=\"auto, (max-width: 1500px) 100vw, 1500px\" \/>\t\t\t\t\t\t<span class=\"aig-gallery-hover\">\n\t\t\t\t\t\t\t\t\t\t\t\t\t<\/span>\n\t\t\t\t\t\t\t\t\t\t\t<\/a>\n\t\t\t\t\t\t\t\t\t<\/div>\n\t\t\t<\/div>\n\t\t\t\t\t\t\t\t<div class=\"qode-aig-image qode-item-space qode-aig-default-masonry-item\">\n\t\t\t\t<div class=\"qode-aig-image-inner\">\n\t\t\t\t\t\t\t\t\t\t\t<a itemprop=\"image\" class=\"qode-aig-lightbox\" href=\"https:\/\/www.coreduc.cl\/jsu\/wp-content\/uploads\/2024\/05\/not-16052024-2.jpg\" data-rel=\"prettyPhoto[image_gallery_pretty_photo-969]\" title=\"not-16052024-2\">\n\t\t\t\t\t\t\t\t\t\t\t<img loading=\"lazy\" decoding=\"async\" width=\"688\" height=\"1033\" src=\"https:\/\/www.coreduc.cl\/jsu\/wp-content\/uploads\/2024\/05\/not-16052024-2.jpg\" class=\"attachment-full size-full\" alt=\"\" srcset=\"https:\/\/www.coreduc.cl\/jsu\/wp-content\/uploads\/2024\/05\/not-16052024-2.jpg 688w, https:\/\/www.coreduc.cl\/jsu\/wp-content\/uploads\/2024\/05\/not-16052024-2-200x300.jpg 200w, https:\/\/www.coreduc.cl\/jsu\/wp-content\/uploads\/2024\/05\/not-16052024-2-682x1024.jpg 682w\" sizes=\"auto, (max-width: 688px) 100vw, 688px\" \/>\t\t\t\t\t\t<span class=\"aig-gallery-hover\">\n\t\t\t\t\t\t\t\t\t\t\t\t\t<\/span>\n\t\t\t\t\t\t\t\t\t\t\t<\/a>\n\t\t\t\t\t\t\t\t\t<\/div>\n\t\t\t<\/div>\n\t\t\t<\/div>\n<\/div>[\/vc_column][\/vc_row]<\/p>\n<\/div>","protected":false},"excerpt":{"rendered":"<p>Encabezado por el rector de nuestro Liceo Don Edgardo Quezada Arias m\u00e1s 35 estudiantes desde 7\u00b0 B\u00e1sico a 4\u00b0 medio<\/p>\n","protected":false},"author":6,"featured_media":560,"comment_status":"closed","ping_status":"closed","sticky":false,"template":"","format":"standard","meta":{"footnotes":""},"categories":[4],"tags":[],"class_list":["post-558","post","type-post","status-publish","format-standard","has-post-thumbnail","hentry","category-noticias"],"_links":{"self":[{"href":"https:\/\/www.coreduc.cl\/jsu\/wp-json\/wp\/v2\/posts\/558","targetHints":{"allow":["GET"]}}],"collection":[{"href":"https:\/\/www.coreduc.cl\/jsu\/wp-json\/wp\/v2\/posts"}],"about":[{"href":"https:\/\/www.coreduc.cl\/jsu\/wp-json\/wp\/v2\/types\/post"}],"author":[{"embeddable":true,"href":"https:\/\/www.coreduc.cl\/jsu\/wp-json\/wp\/v2\/users\/6"}],"replies":[{"embeddable":true,"href":"https:\/\/www.coreduc.cl\/jsu\/wp-json\/wp\/v2\/comments?post=558"}],"version-history":[{"count":2,"href":"https:\/\/www.coreduc.cl\/jsu\/wp-json\/wp\/v2\/posts\/558\/revisions"}],"predecessor-version":[{"id":563,"href":"https:\/\/www.coreduc.cl\/jsu\/wp-json\/wp\/v2\/posts\/558\/revisions\/563"}],"wp:featuredmedia":[{"embeddable":true,"href":"https:\/\/www.coreduc.cl\/jsu\/wp-json\/wp\/v2\/media\/560"}],"wp:attachment":[{"href":"https:\/\/www.coreduc.cl\/jsu\/wp-json\/wp\/v2\/media?parent=558"}],"wp:term":[{"taxonomy":"category","embeddable":true,"href":"https:\/\/www.coreduc.cl\/jsu\/wp-json\/wp\/v2\/categories?post=558"},{"taxonomy":"post_tag","embeddable":true,"href":"https:\/\/www.coreduc.cl\/jsu\/wp-json\/wp\/v2\/tags?post=558"}],"curies":[{"name":"wp","href":"https:\/\/api.w.org\/{rel}","templated":true}]}}