{"id":507,"date":"2023-10-12T15:39:04","date_gmt":"2023-10-12T18:39:04","guid":{"rendered":"https:\/\/www.coreduc.cl\/jsu\/?p=507"},"modified":"2023-10-12T15:40:12","modified_gmt":"2023-10-12T18:40:12","slug":"encuentro-con-decanato-de-la-facultad-de-ciencias-administrativas-de-la-universidad-del-bio-bio","status":"publish","type":"post","link":"https:\/\/www.coreduc.cl\/jsu\/encuentro-con-decanato-de-la-facultad-de-ciencias-administrativas-de-la-universidad-del-bio-bio\/","title":{"rendered":"Encuentro Con Decanato De La Facultad De Ciencias Administrativas De La Universidad Del Bio Bio"},"content":{"rendered":"<div class=\"wpb-content-wrapper\"><p>[vc_row css_animation=\u00bb\u00bb row_type=\u00bbrow\u00bb use_row_as_full_screen_section=\u00bbno\u00bb type=\u00bbfull_width\u00bb angled_section=\u00bbno\u00bb text_align=\u00bbleft\u00bb background_image_as_pattern=\u00bbwithout_pattern\u00bb][vc_column][vc_empty_space][vc_row_inner row_type=\u00bbrow\u00bb type=\u00bbfull_width\u00bb text_align=\u00bbleft\u00bb css_animation=\u00bb\u00bb][vc_column_inner][vc_column_text]Con la visita a nuestro liceo de la Decana de la Facultad de Ciencias Empresariales de la Universidad del Bio Bio, Dra. Elizabeth Grand\u00f3n Toledo, los acad\u00e9micos del departamento de Administraci\u00f3n y Auditor\u00eda Daniela Ram\u00edrez, Paulina Pinchart y Fernando Morales, se da inicio al proceso de acercamiento entre ambas instituciones y en particular de la facultad mencionada, para en el futuro cercano, vincularse a trav\u00e9s de un convenio de cooperaci\u00f3n y colaboraci\u00f3n que permita orientar a los estudiantes de la especialidad de Administraci\u00f3n menci\u00f3n RRHH respecto de las carreras de Ingenier\u00eda Comercial, Contador P\u00fablico y Auditor e Ingenier\u00eda Civil Inform\u00e1tica y sus salidas intermedias, como tambi\u00e9n apoyar el trabajo de nuestros docentes a trav\u00e9s de capacitaciones, revisi\u00f3n y aterrizaje del curr\u00edculum a la realidad actual, adem\u00e1s de labores de extensi\u00f3n que realiza la universidad.<\/p>\n<p>En el futuro cercano se espera realizar una reuni\u00f3n de trabajo entre los acad\u00e9micos mencionados anteriormente y nuestros docentes de especialidad para conocer las necesidades y apoyos que \u00e9stos requieren.<\/p>\n<p>Se valora positivamente esta iniciativa, agradeciendo la presencia de las autoridades de la Facultad de Ciencias Empresariales de la Universidad del B\u00edo B\u00edo a nuestro Liceo.<br \/>\n[\/vc_column_text][\/vc_column_inner][\/vc_row_inner][vc_empty_space][vc_single_image image=\u00bb511&#8243; img_size=\u00bbfull\u00bb qode_css_animation=\u00bb\u00bb][\/vc_column][\/vc_row]<\/p>\n<\/div>","protected":false},"excerpt":{"rendered":"<p>Con la visita a nuestro liceo de la Decana de la Facultad de Ciencias Empresariales de la Universidad del Bio Bio<\/p>\n","protected":false},"author":6,"featured_media":509,"comment_status":"closed","ping_status":"closed","sticky":false,"template":"","format":"standard","meta":{"footnotes":""},"categories":[4],"tags":[],"class_list":["post-507","post","type-post","status-publish","format-standard","has-post-thumbnail","hentry","category-noticias"],"_links":{"self":[{"href":"https:\/\/www.coreduc.cl\/jsu\/wp-json\/wp\/v2\/posts\/507","targetHints":{"allow":["GET"]}}],"collection":[{"href":"https:\/\/www.coreduc.cl\/jsu\/wp-json\/wp\/v2\/posts"}],"about":[{"href":"https:\/\/www.coreduc.cl\/jsu\/wp-json\/wp\/v2\/types\/post"}],"author":[{"embeddable":true,"href":"https:\/\/www.coreduc.cl\/jsu\/wp-json\/wp\/v2\/users\/6"}],"replies":[{"embeddable":true,"href":"https:\/\/www.coreduc.cl\/jsu\/wp-json\/wp\/v2\/comments?post=507"}],"version-history":[{"count":4,"href":"https:\/\/www.coreduc.cl\/jsu\/wp-json\/wp\/v2\/posts\/507\/revisions"}],"predecessor-version":[{"id":513,"href":"https:\/\/www.coreduc.cl\/jsu\/wp-json\/wp\/v2\/posts\/507\/revisions\/513"}],"wp:featuredmedia":[{"embeddable":true,"href":"https:\/\/www.coreduc.cl\/jsu\/wp-json\/wp\/v2\/media\/509"}],"wp:attachment":[{"href":"https:\/\/www.coreduc.cl\/jsu\/wp-json\/wp\/v2\/media?parent=507"}],"wp:term":[{"taxonomy":"category","embeddable":true,"href":"https:\/\/www.coreduc.cl\/jsu\/wp-json\/wp\/v2\/categories?post=507"},{"taxonomy":"post_tag","embeddable":true,"href":"https:\/\/www.coreduc.cl\/jsu\/wp-json\/wp\/v2\/tags?post=507"}],"curies":[{"name":"wp","href":"https:\/\/api.w.org\/{rel}","templated":true}]}}