{"id":492,"date":"2023-06-29T10:31:26","date_gmt":"2023-06-29T14:31:26","guid":{"rendered":"https:\/\/www.coreduc.cl\/jsu\/?p=492"},"modified":"2023-06-29T10:37:56","modified_gmt":"2023-06-29T14:37:56","slug":"exitosa-primera-jornada-del-programa-de-habilidades-sociolaborales-para-jovenes-con-autismo-en-el-liceo-jorge-sanchez-ugarte","status":"publish","type":"post","link":"https:\/\/www.coreduc.cl\/jsu\/exitosa-primera-jornada-del-programa-de-habilidades-sociolaborales-para-jovenes-con-autismo-en-el-liceo-jorge-sanchez-ugarte\/","title":{"rendered":"Exitosa Primera Jornada del Programa de Habilidades Sociolaborales para J\u00f3venes con Autismo en El Liceo Jorge S\u00e1nchez Ugarte"},"content":{"rendered":"<div class=\"wpb-content-wrapper\"><p>[vc_row css_animation=\u00bb\u00bb row_type=\u00bbrow\u00bb use_row_as_full_screen_section=\u00bbno\u00bb type=\u00bbfull_width\u00bb angled_section=\u00bbno\u00bb text_align=\u00bbleft\u00bb background_image_as_pattern=\u00bbwithout_pattern\u00bb][vc_column][vc_empty_space][vc_row_inner row_type=\u00bbrow\u00bb type=\u00bbfull_width\u00bb text_align=\u00bbleft\u00bb css_animation=\u00bb\u00bb][vc_column_inner][vc_column_text]En una destacada iniciativa que busca promover la inclusi\u00f3n y el desarrollo de habilidades sociales en j\u00f3venes con autismo, el Liceo Jorge S\u00e1nchez Ugarte llev\u00f3 a cabo la primera jornada de su programa de habilidades sociolaborales. El evento cont\u00f3 con la colaboraci\u00f3n de la reconocida empresa constructora Aitue, quienes brindaron una enriquecedora charla sobre la importancia de estas habilidades en el mundo laboral.<\/p>\n<p>La iniciativa, liderada por la profesora diferencial Bel\u00e9n Ortega, creadora del proyecto, tiene como objetivo brindar a los estudiantes con autismo las herramientas necesarias para desenvolverse de manera exitosa en el \u00e1mbito sociolaboral. El respaldo del Director de Formaci\u00f3n T\u00e9cnica, Luis Hidalgo y el Director Edgardo Quezada, han sido fundamentales para la promoci\u00f3n y desarrollo de este programa.<\/p>\n<p>La charla estuvo a cargo de don Marco Rodr\u00edguez, Jefe del \u00c1rea de Administraci\u00f3n de Obras de Aitue, quien comparti\u00f3 valiosos conocimientos y experiencias con los asistentes. Entre los presentes se encontraban la prevencionista de riesgos y la gestora en inclusi\u00f3n de la citada empresa, quienes tambi\u00e9n han sido fundamentales en el desarrollo de este programa innovador.<\/p>\n<p>El evento cont\u00f3 tambi\u00e9n con la participaci\u00f3n de cinco estudiantes de 3\u00b0 y 4\u00b0 medio, quienes demostraron un gran inter\u00e9s y entusiasmo durante la jornada, mostr\u00e1ndose participativos, realizando preguntas y compartiendo sus propias experiencias. Estos j\u00f3venes, con autismo, han demostrado sentirse \u00e1vidos de adquirir habilidades que les permitan desenvolverse de manera exitosa en el \u00e1mbito laboral y, gracias a esta iniciativa, ahora cuentan con una oportunidad \u00fanica para alcanzar sus metas.<\/p>\n<p>Durante la charla, don Marco Rodr\u00edguez destac\u00f3 la importancia de las habilidades sociales en el mundo laboral, resaltando c\u00f3mo el trabajo en equipo, la comunicaci\u00f3n efectiva y la empat\u00eda son fundamentales para el \u00e9xito en cualquier entorno profesional. Adem\u00e1s, comparti\u00f3 ejemplos concretos de situaciones laborales en las que estas habilidades resultan cruciales, brindando a los j\u00f3venes herramientas pr\u00e1cticas para su desarrollo personal y profesional.<\/p>\n<p>La jornada result\u00f3 ser un rotundo \u00e9xito, dejando una gran impresi\u00f3n tanto en los estudiantes como en los profesionales presentes. El programa de habilidades sociolaborales continuar\u00e1 desarroll\u00e1ndose a lo largo del a\u00f1o, con la realizaci\u00f3n de talleres y actividades que permitir\u00e1n a los j\u00f3venes con autismo fortalecer sus habilidades y enfrentar los desaf\u00edos del mundo laboral con confianza y determinaci\u00f3n.<\/p>\n<p>El Liceo Jorge S\u00e1nchez Ugarte y la empresa Aitue se enorgullecen de esta colaboraci\u00f3n, que representa un paso importante hacia la inclusi\u00f3n y el desarrollo integral de los j\u00f3venes con autismo. Ambas instituciones reafirman su compromiso de seguir trabajando juntas para brindar oportunidades y abrir puertas a aquellos que muchas veces enfrentan barreras en su camino hacia una vida plena y satisfactoria.[\/vc_column_text][\/vc_column_inner][\/vc_row_inner][vc_empty_space][vc_empty_space][vc_gallery type=\u00bbimage_grid\u00bb images=\u00bb494,495&#8243; img_size=\u00bb400&#215;400&#8243; column_number=\u00bb2&#8243; grayscale=\u00bbno\u00bb images_space=\u00bbgallery_with_space\u00bb][\/vc_column][\/vc_row]<\/p>\n<\/div>","protected":false},"excerpt":{"rendered":"<p>En una destacada iniciativa que busca promover la inclusi\u00f3n y el desarrollo de habilidades sociales en j\u00f3venes con autismo<\/p>\n","protected":false},"author":6,"featured_media":494,"comment_status":"closed","ping_status":"closed","sticky":false,"template":"","format":"standard","meta":{"footnotes":""},"categories":[4],"tags":[],"class_list":["post-492","post","type-post","status-publish","format-standard","has-post-thumbnail","hentry","category-noticias"],"_links":{"self":[{"href":"https:\/\/www.coreduc.cl\/jsu\/wp-json\/wp\/v2\/posts\/492","targetHints":{"allow":["GET"]}}],"collection":[{"href":"https:\/\/www.coreduc.cl\/jsu\/wp-json\/wp\/v2\/posts"}],"about":[{"href":"https:\/\/www.coreduc.cl\/jsu\/wp-json\/wp\/v2\/types\/post"}],"author":[{"embeddable":true,"href":"https:\/\/www.coreduc.cl\/jsu\/wp-json\/wp\/v2\/users\/6"}],"replies":[{"embeddable":true,"href":"https:\/\/www.coreduc.cl\/jsu\/wp-json\/wp\/v2\/comments?post=492"}],"version-history":[{"count":6,"href":"https:\/\/www.coreduc.cl\/jsu\/wp-json\/wp\/v2\/posts\/492\/revisions"}],"predecessor-version":[{"id":500,"href":"https:\/\/www.coreduc.cl\/jsu\/wp-json\/wp\/v2\/posts\/492\/revisions\/500"}],"wp:featuredmedia":[{"embeddable":true,"href":"https:\/\/www.coreduc.cl\/jsu\/wp-json\/wp\/v2\/media\/494"}],"wp:attachment":[{"href":"https:\/\/www.coreduc.cl\/jsu\/wp-json\/wp\/v2\/media?parent=492"}],"wp:term":[{"taxonomy":"category","embeddable":true,"href":"https:\/\/www.coreduc.cl\/jsu\/wp-json\/wp\/v2\/categories?post=492"},{"taxonomy":"post_tag","embeddable":true,"href":"https:\/\/www.coreduc.cl\/jsu\/wp-json\/wp\/v2\/tags?post=492"}],"curies":[{"name":"wp","href":"https:\/\/api.w.org\/{rel}","templated":true}]}}