{"id":457,"date":"2023-04-19T15:30:11","date_gmt":"2023-04-19T19:30:11","guid":{"rendered":"https:\/\/www.coreduc.cl\/jsu\/?p=457"},"modified":"2023-04-19T15:34:27","modified_gmt":"2023-04-19T19:34:27","slug":"inauguracion-de-las-nuevas-dependencias-del-liceo-bicentenario-jorge-sanchez-ugarte","status":"publish","type":"post","link":"https:\/\/www.coreduc.cl\/jsu\/inauguracion-de-las-nuevas-dependencias-del-liceo-bicentenario-jorge-sanchez-ugarte\/","title":{"rendered":"Inauguraci\u00f3n de Las Nuevas Dependencias del Liceo Bicentenario Jorge S\u00e1nchez Ugarte"},"content":{"rendered":"<div class=\"wpb-content-wrapper\"><p>[vc_row css_animation=\u00bb\u00bb row_type=\u00bbrow\u00bb use_row_as_full_screen_section=\u00bbno\u00bb type=\u00bbfull_width\u00bb angled_section=\u00bbno\u00bb text_align=\u00bbleft\u00bb background_image_as_pattern=\u00bbwithout_pattern\u00bb][vc_column][vc_empty_space][vc_row_inner row_type=\u00bbrow\u00bb type=\u00bbfull_width\u00bb text_align=\u00bbleft\u00bb css_animation=\u00bb\u00bb][vc_column_inner][vc_column_text]Con la presencia del Presidente del Directorio de Coreduc Don Jos\u00e9 Ignacio Loeser, y los miembros del Directorio de la Corporaci\u00f3n Educacional de la Construcci\u00f3n, nuestra Gerente General Sra. Rosana Sprovera Manr\u00edquez , la Sra. Elizabeth Ch\u00e1vez Seremi de Educaci\u00f3n de la regi\u00f3n del B\u00edo B\u00edo,\u00a0 las principales autoridades de la Delegaci\u00f3n Regional CChC del B\u00edo B\u00edo e invitados especiales, \u00a0se\u00a0 desarroll\u00f3 este 13 de abril la bendici\u00f3n e inauguraci\u00f3n de las nuevas dependencias de ampliaci\u00f3n\u00a0 del Liceo Bicentenario Jorge S\u00e1nchez Ugarte<\/p>\n<p>&nbsp;<\/p>\n<p>La \u00a0inauguraci\u00f3n de las nuevas dependencias del \u00a0Liceo Bicentenario Jorge S\u00e1nchez Ugarte, resaltan un \u00a0hito trascendente que se gesta gracias al esfuerzo conjunto de muchas personas y de la especial preocupaci\u00f3n por la educaci\u00f3n y la formaci\u00f3n del capital humano que ha tenido desde sus comienzos la C\u00e1mara Chilena de la Construcci\u00f3n a trav\u00e9s de su Corporaci\u00f3n Educacional, preocupaci\u00f3n que se instala con la permanente b\u00fasqueda de las mejores condiciones para estudio y el trabajo para todos los que forman parte de esta comunidad.<\/p>\n<p>&nbsp;<\/p>\n<p>Orgullosos de los que hemos logrado, esta ceremonia de inauguraci\u00f3n permiti\u00f3 recorrer la historia de la Corporaci\u00f3n y del Liceo, resaltando ante la comunidad y el entorno el valioso aporte de nuestra instituci\u00f3n en la formaci\u00f3n de ni\u00f1os, ni\u00f1as y j\u00f3venes[\/vc_column_text][\/vc_column_inner][\/vc_row_inner][vc_empty_space][vc_gallery type=\u00bbimage_grid\u00bb images=\u00bb460,461,462,463,464,465,466,467,468,469,470&#8243; img_size=\u00bb\u00bb column_number=\u00bb4&#8243; grayscale=\u00bbno\u00bb images_space=\u00bbgallery_with_space\u00bb][vc_empty_space][\/vc_column][\/vc_row]<\/p>\n<\/div>","protected":false},"excerpt":{"rendered":"<p>Con la presencia del Presidente del Directorio de Coreduc Don Jos\u00e9 Ignacio Loeser<\/p>\n","protected":false},"author":6,"featured_media":459,"comment_status":"closed","ping_status":"closed","sticky":false,"template":"","format":"standard","meta":{"footnotes":""},"categories":[4],"tags":[],"class_list":["post-457","post","type-post","status-publish","format-standard","has-post-thumbnail","hentry","category-noticias"],"_links":{"self":[{"href":"https:\/\/www.coreduc.cl\/jsu\/wp-json\/wp\/v2\/posts\/457","targetHints":{"allow":["GET"]}}],"collection":[{"href":"https:\/\/www.coreduc.cl\/jsu\/wp-json\/wp\/v2\/posts"}],"about":[{"href":"https:\/\/www.coreduc.cl\/jsu\/wp-json\/wp\/v2\/types\/post"}],"author":[{"embeddable":true,"href":"https:\/\/www.coreduc.cl\/jsu\/wp-json\/wp\/v2\/users\/6"}],"replies":[{"embeddable":true,"href":"https:\/\/www.coreduc.cl\/jsu\/wp-json\/wp\/v2\/comments?post=457"}],"version-history":[{"count":3,"href":"https:\/\/www.coreduc.cl\/jsu\/wp-json\/wp\/v2\/posts\/457\/revisions"}],"predecessor-version":[{"id":472,"href":"https:\/\/www.coreduc.cl\/jsu\/wp-json\/wp\/v2\/posts\/457\/revisions\/472"}],"wp:featuredmedia":[{"embeddable":true,"href":"https:\/\/www.coreduc.cl\/jsu\/wp-json\/wp\/v2\/media\/459"}],"wp:attachment":[{"href":"https:\/\/www.coreduc.cl\/jsu\/wp-json\/wp\/v2\/media?parent=457"}],"wp:term":[{"taxonomy":"category","embeddable":true,"href":"https:\/\/www.coreduc.cl\/jsu\/wp-json\/wp\/v2\/categories?post=457"},{"taxonomy":"post_tag","embeddable":true,"href":"https:\/\/www.coreduc.cl\/jsu\/wp-json\/wp\/v2\/tags?post=457"}],"curies":[{"name":"wp","href":"https:\/\/api.w.org\/{rel}","templated":true}]}}