{"id":402,"date":"2022-06-06T11:13:33","date_gmt":"2022-06-06T15:13:33","guid":{"rendered":"https:\/\/www.coreduc.cl\/jsu\/?p=402"},"modified":"2022-06-06T11:20:30","modified_gmt":"2022-06-06T15:20:30","slug":"celebracion-de-la-semana-de-la-educacion-artistica-jsu","status":"publish","type":"post","link":"https:\/\/www.coreduc.cl\/jsu\/celebracion-de-la-semana-de-la-educacion-artistica-jsu\/","title":{"rendered":"Celebraci\u00f3n De La Semana De La Educaci\u00f3n Artistica JSU"},"content":{"rendered":"<div class=\"wpb-content-wrapper\"><p>[vc_row css_animation=\u00bb\u00bb row_type=\u00bbrow\u00bb use_row_as_full_screen_section=\u00bbno\u00bb type=\u00bbfull_width\u00bb angled_section=\u00bbno\u00bb text_align=\u00bbleft\u00bb background_image_as_pattern=\u00bbwithout_pattern\u00bb][vc_column][vc_empty_space][vc_column_text]El departamento de Arte del Liceo Bicentenario T\u00e9cnico profesional Jorge S\u00e1nchez Ugarte, celebr\u00f3 y llev\u00f3 a cabo \u201cLa semana de la Educaci\u00f3n Art\u00edstica, entre los d\u00edas 20 al 24 de mayo del presente a\u00f1o.<\/p>\n<p>El prop\u00f3sito de la celebraci\u00f3n,\u00a0fue \u201csensibilizar a la comunidad internacional sobre la importancia de la educaci\u00f3n art\u00edstica; y promover la diversidad cultural, el di\u00e1logo intercultural y la cohesi\u00f3n social, dirigida a estudiantes de escuelas y liceos del pa\u00eds, etapa de la ense\u00f1anza donde el desarrollo de las artes y la creatividad cumplen un papel fundamental para generar sujetos m\u00e1s libres y conscientes de su entorno\u00bb.<\/p>\n<p>Las actividades se iniciaron con un acto inaugural el d\u00eda martes 21 de mayo, con la invitaci\u00f3n a presenciar un baile flamenco a cargo de la profesora de Arte y Tecnolog\u00eda Ver\u00f3nica Estrada Beltr\u00e1n, quien invit\u00f3 a la comunidad escolar a participar de las diferentes actividades que se desarrollar\u00edan durante la semana, entre ellos; muestras, concursos y salidas pedag\u00f3gicas con el fin de \u00a0desarrollar un espacio de expresi\u00f3n art\u00edstica en donde los estudiantes se vinculen con sus compa\u00f1eros,\u00a0demuestren sus habilidades en el \u00e1rea y valoren\u00a0las diversas manifestaciones del Arte. As\u00ed como tambi\u00e9n,\u00a0el poder generar un espacio de vinculaci\u00f3n con la comunidad valorando el patrimonio natural, cultural y arquitect\u00f3nico de la ciudad de Concepci\u00f3n. Invitaci\u00f3n realizada por Duoc UC de la carrera de Ecoturismo para desarrollar con dos cursos de nuestro Liceo, en compa\u00f1\u00eda de profesora de Arte y la compa\u00f1\u00eda de otros profesores colaboradores para llevar a cabo actividad de Tracking de interpretaci\u00f3n cultural al Parque Ecuador de nuestra ciudad.<\/p>\n<p>Los \u00a0\u00a0docentes y profesionales del \u00e1rea Art\u00edstica se mostraron muy contentos por lo logrado, as\u00ed tambi\u00e9n, por la participaci\u00f3n de la comunidad educativa, el comportamiento y respeto mostrado por nuestros estudiantes en cada una de las actividades realizadas.[\/vc_column_text][vc_empty_space][vc_gallery type=\u00bbimage_grid\u00bb images=\u00bb404,405,406,407&#8243; column_number=\u00bb4&#8243; grayscale=\u00bbno\u00bb images_space=\u00bbgallery_with_space\u00bb][\/vc_column][\/vc_row]<\/p>\n<\/div>","protected":false},"excerpt":{"rendered":"<p>La semana de la Educaci\u00f3n Art\u00edstica, entre los d\u00edas 20 al 24 de mayo del presente a\u00f1o<\/p>\n","protected":false},"author":6,"featured_media":407,"comment_status":"closed","ping_status":"closed","sticky":false,"template":"","format":"standard","meta":{"footnotes":""},"categories":[4],"tags":[],"class_list":["post-402","post","type-post","status-publish","format-standard","has-post-thumbnail","hentry","category-noticias"],"_links":{"self":[{"href":"https:\/\/www.coreduc.cl\/jsu\/wp-json\/wp\/v2\/posts\/402","targetHints":{"allow":["GET"]}}],"collection":[{"href":"https:\/\/www.coreduc.cl\/jsu\/wp-json\/wp\/v2\/posts"}],"about":[{"href":"https:\/\/www.coreduc.cl\/jsu\/wp-json\/wp\/v2\/types\/post"}],"author":[{"embeddable":true,"href":"https:\/\/www.coreduc.cl\/jsu\/wp-json\/wp\/v2\/users\/6"}],"replies":[{"embeddable":true,"href":"https:\/\/www.coreduc.cl\/jsu\/wp-json\/wp\/v2\/comments?post=402"}],"version-history":[{"count":2,"href":"https:\/\/www.coreduc.cl\/jsu\/wp-json\/wp\/v2\/posts\/402\/revisions"}],"predecessor-version":[{"id":408,"href":"https:\/\/www.coreduc.cl\/jsu\/wp-json\/wp\/v2\/posts\/402\/revisions\/408"}],"wp:featuredmedia":[{"embeddable":true,"href":"https:\/\/www.coreduc.cl\/jsu\/wp-json\/wp\/v2\/media\/407"}],"wp:attachment":[{"href":"https:\/\/www.coreduc.cl\/jsu\/wp-json\/wp\/v2\/media?parent=402"}],"wp:term":[{"taxonomy":"category","embeddable":true,"href":"https:\/\/www.coreduc.cl\/jsu\/wp-json\/wp\/v2\/categories?post=402"},{"taxonomy":"post_tag","embeddable":true,"href":"https:\/\/www.coreduc.cl\/jsu\/wp-json\/wp\/v2\/tags?post=402"}],"curies":[{"name":"wp","href":"https:\/\/api.w.org\/{rel}","templated":true}]}}