{"id":397,"date":"2022-05-03T16:42:57","date_gmt":"2022-05-03T20:42:57","guid":{"rendered":"https:\/\/www.coreduc.cl\/jsu\/?p=397"},"modified":"2022-05-03T16:45:31","modified_gmt":"2022-05-03T20:45:31","slug":"celebracion-de-la-semana-de-la-actividad-fisica-y-deporte-liceo-jorge-sanchez-ugarte-concepcion","status":"publish","type":"post","link":"https:\/\/www.coreduc.cl\/jsu\/celebracion-de-la-semana-de-la-actividad-fisica-y-deporte-liceo-jorge-sanchez-ugarte-concepcion\/","title":{"rendered":"Celebraci\u00f3n de la Semana de la Actividad F\u00edsica y Deporte Liceo Jorge S\u00e1nchez Ugarte &#8211; Concepci\u00f3n"},"content":{"rendered":"<div class=\"wpb-content-wrapper\"><p>[vc_row css_animation=\u00bb\u00bb row_type=\u00bbrow\u00bb use_row_as_full_screen_section=\u00bbno\u00bb type=\u00bbfull_width\u00bb angled_section=\u00bbno\u00bb text_align=\u00bbleft\u00bb background_image_as_pattern=\u00bbwithout_pattern\u00bb][vc_column][vc_empty_space][vc_column_text]El departamento de Educaci\u00f3n F\u00edsica y Salud, entre los d\u00edas 4 y 8 de abril del presente a\u00f1o, organiz\u00f3 la semana contando con la participaron del Centro de Alumnos, Direcciones Acad\u00e9micas, Asuntos Estudiantiles, Terapeuta Ocupacional y el IND Regional. Las actividades fueron guiadas por 16 monitores, estudiantes de tercero y cuarto medio y se realizaron en recreos de 30 minutos en ambas jornadas de clases.<\/p>\n<p>El prop\u00f3sito de la celebraci\u00f3n fue desarrollar y ejecutar m\u00faltiples actividades recreativas, deportivas, bailes entretenidos, consumo de alimentos saludables, higiene y salud y el fomento de la pr\u00e1ctica sistem\u00e1tica de ejercicios de intensidad f\u00edsica moderada a vigorosa en funci\u00f3n de mejorar la condici\u00f3n f\u00edsica y de salud de los estudiantes, buscando impactar a toda la comunidad educativa, incluyendo a profesores, asistentes de educaci\u00f3n y familias en general.<\/p>\n<p>Esta iniciativa, que se realiza por primera vez en el establecimiento, gener\u00f3 un impacto positivo y transversal en toda la comunidad educativa, ayudando a reforzar los 3 ejes de convivencia escolar: empat\u00eda, respeto y buen trato.[\/vc_column_text][vc_empty_space][\/vc_column][\/vc_row]<\/p>\n<\/div>","protected":false},"excerpt":{"rendered":"<p>El departamento de Educaci\u00f3n F\u00edsica y Salud, entre los d\u00edas 4 y 8 de abril del presente a\u00f1o<\/p>\n","protected":false},"author":6,"featured_media":399,"comment_status":"closed","ping_status":"closed","sticky":false,"template":"","format":"standard","meta":{"footnotes":""},"categories":[4],"tags":[],"class_list":["post-397","post","type-post","status-publish","format-standard","has-post-thumbnail","hentry","category-noticias"],"_links":{"self":[{"href":"https:\/\/www.coreduc.cl\/jsu\/wp-json\/wp\/v2\/posts\/397","targetHints":{"allow":["GET"]}}],"collection":[{"href":"https:\/\/www.coreduc.cl\/jsu\/wp-json\/wp\/v2\/posts"}],"about":[{"href":"https:\/\/www.coreduc.cl\/jsu\/wp-json\/wp\/v2\/types\/post"}],"author":[{"embeddable":true,"href":"https:\/\/www.coreduc.cl\/jsu\/wp-json\/wp\/v2\/users\/6"}],"replies":[{"embeddable":true,"href":"https:\/\/www.coreduc.cl\/jsu\/wp-json\/wp\/v2\/comments?post=397"}],"version-history":[{"count":2,"href":"https:\/\/www.coreduc.cl\/jsu\/wp-json\/wp\/v2\/posts\/397\/revisions"}],"predecessor-version":[{"id":400,"href":"https:\/\/www.coreduc.cl\/jsu\/wp-json\/wp\/v2\/posts\/397\/revisions\/400"}],"wp:featuredmedia":[{"embeddable":true,"href":"https:\/\/www.coreduc.cl\/jsu\/wp-json\/wp\/v2\/media\/399"}],"wp:attachment":[{"href":"https:\/\/www.coreduc.cl\/jsu\/wp-json\/wp\/v2\/media?parent=397"}],"wp:term":[{"taxonomy":"category","embeddable":true,"href":"https:\/\/www.coreduc.cl\/jsu\/wp-json\/wp\/v2\/categories?post=397"},{"taxonomy":"post_tag","embeddable":true,"href":"https:\/\/www.coreduc.cl\/jsu\/wp-json\/wp\/v2\/tags?post=397"}],"curies":[{"name":"wp","href":"https:\/\/api.w.org\/{rel}","templated":true}]}}