{"id":383,"date":"2021-12-22T15:05:29","date_gmt":"2021-12-22T18:05:29","guid":{"rendered":"https:\/\/www.coreduc.cl\/jsu\/?p=383"},"modified":"2021-12-22T15:23:59","modified_gmt":"2021-12-22T18:23:59","slug":"ceremonias-de-titulacion-liceo-t-p-bicentenario-jorge-sanchez-ugarte","status":"publish","type":"post","link":"https:\/\/www.coreduc.cl\/jsu\/ceremonias-de-titulacion-liceo-t-p-bicentenario-jorge-sanchez-ugarte\/","title":{"rendered":"Ceremonias de Titulaci\u00f3n Liceo T.P. Bicentenario \u201cJorge S\u00e1nchez Ugarte\u201d"},"content":{"rendered":"<div class=\"wpb-content-wrapper\"><p>[vc_row css_animation=\u00bb\u00bb row_type=\u00bbrow\u00bb use_row_as_full_screen_section=\u00bbno\u00bb type=\u00bbfull_width\u00bb angled_section=\u00bbno\u00bb text_align=\u00bbleft\u00bb background_image_as_pattern=\u00bbwithout_pattern\u00bb][vc_column][vc_empty_space][vc_column_text]Los d\u00edas 10 y 11 de noviembre el Liceo T.P Bicentenario \u201cJorge S\u00e1nchez Ugarte\u201d, con mucha alegr\u00eda recibi\u00f3 en dos ceremonias de Titulaci\u00f3n de las generaciones 2020 y 2021, volviendo a revivir todas las emociones y el reencuentro que la pandemia nos hab\u00eda quitado.<\/p>\n<p>Bajo estrictos protocolos de seguridad y con aforos reducidos, se logr\u00f3 entregar los t\u00edtulos a las especialidades de Administraci\u00f3n con menci\u00f3n en RR.HH y Montaje Industrial, con un porcentaje de 83,7% de titulados en a\u00f1o 2020 y un 61,3% el a\u00f1o 2021.<\/p>\n<p>C\u00f3mo instituci\u00f3n estamos profundamente agradecidos de la presencia de cada uno de los padres apoderados que nos acompa\u00f1aron como as\u00ed tambi\u00e9n de cada uno de los ex estudiantes qu\u00e9 concluyendo con sus procesos de pr\u00e1cticas profesionales recibieron de las principales autoridades institucionales su t\u00edtulo que acredita haber logrado concluir exitosamente con su educaci\u00f3n t\u00e9cnica profesional.<\/p>\n<p>Esta instituci\u00f3n agradece a todos los asistentes de la educaci\u00f3n, docentes y directivos que han puesto lo mejor de cada uno de ellos para engalanar nuestra casa para recibir a nuestros titulados y de esta forma cerrar este importante paso en sus vidas futuras.<br \/>\n[\/vc_column_text][vc_empty_space][vc_single_image image=\u00bb386&#8243; img_size=\u00bbfull\u00bb qode_css_animation=\u00bb\u00bb][\/vc_column][\/vc_row]<\/p>\n<\/div>","protected":false},"excerpt":{"rendered":"<p>Los d\u00edas 10 y 11 de noviembre el Liceo T.P Bicentenario \u201cJorge S\u00e1nchez Ugarte\u201d<\/p>\n","protected":false},"author":6,"featured_media":385,"comment_status":"closed","ping_status":"closed","sticky":false,"template":"","format":"standard","meta":{"footnotes":""},"categories":[4],"tags":[],"class_list":["post-383","post","type-post","status-publish","format-standard","has-post-thumbnail","hentry","category-noticias"],"_links":{"self":[{"href":"https:\/\/www.coreduc.cl\/jsu\/wp-json\/wp\/v2\/posts\/383","targetHints":{"allow":["GET"]}}],"collection":[{"href":"https:\/\/www.coreduc.cl\/jsu\/wp-json\/wp\/v2\/posts"}],"about":[{"href":"https:\/\/www.coreduc.cl\/jsu\/wp-json\/wp\/v2\/types\/post"}],"author":[{"embeddable":true,"href":"https:\/\/www.coreduc.cl\/jsu\/wp-json\/wp\/v2\/users\/6"}],"replies":[{"embeddable":true,"href":"https:\/\/www.coreduc.cl\/jsu\/wp-json\/wp\/v2\/comments?post=383"}],"version-history":[{"count":2,"href":"https:\/\/www.coreduc.cl\/jsu\/wp-json\/wp\/v2\/posts\/383\/revisions"}],"predecessor-version":[{"id":387,"href":"https:\/\/www.coreduc.cl\/jsu\/wp-json\/wp\/v2\/posts\/383\/revisions\/387"}],"wp:featuredmedia":[{"embeddable":true,"href":"https:\/\/www.coreduc.cl\/jsu\/wp-json\/wp\/v2\/media\/385"}],"wp:attachment":[{"href":"https:\/\/www.coreduc.cl\/jsu\/wp-json\/wp\/v2\/media?parent=383"}],"wp:term":[{"taxonomy":"category","embeddable":true,"href":"https:\/\/www.coreduc.cl\/jsu\/wp-json\/wp\/v2\/categories?post=383"},{"taxonomy":"post_tag","embeddable":true,"href":"https:\/\/www.coreduc.cl\/jsu\/wp-json\/wp\/v2\/tags?post=383"}],"curies":[{"name":"wp","href":"https:\/\/api.w.org\/{rel}","templated":true}]}}