{"id":378,"date":"2021-12-07T10:53:19","date_gmt":"2021-12-07T13:53:19","guid":{"rendered":"https:\/\/www.coreduc.cl\/jsu\/?p=378"},"modified":"2021-12-07T11:07:35","modified_gmt":"2021-12-07T14:07:35","slug":"liceo-bicentenario-jorge-sanchez-ugarte-realiza-primera-salida-pedagogica-en-pandemia","status":"publish","type":"post","link":"https:\/\/www.coreduc.cl\/jsu\/liceo-bicentenario-jorge-sanchez-ugarte-realiza-primera-salida-pedagogica-en-pandemia\/","title":{"rendered":"Liceo Bicentenario Jorge S\u00e1nchez Ugarte realiza primera salida pedag\u00f3gica en pandemia"},"content":{"rendered":"<div class=\"wpb-content-wrapper\"><p>[vc_row css_animation=\u00bb\u00bb row_type=\u00bbrow\u00bb use_row_as_full_screen_section=\u00bbno\u00bb type=\u00bbfull_width\u00bb angled_section=\u00bbno\u00bb text_align=\u00bbleft\u00bb background_image_as_pattern=\u00bbwithout_pattern\u00bb][vc_column][vc_empty_space][vc_column_text]Desde antes de la pandemia las salidas pedag\u00f3gicas posibilitaban la vinculaci\u00f3n con el medio y el desarrollo de aprendizajes significativos para nuestros estudiantes; frente a las nuevas circunstancias no hemos querido perder esa riqueza del aprendizaje fueras de las aulas, valorando sobre todo la presencialidad como estrategia esencial de aprendizaje, es por esto que nuestro liceo en conjunto con el Parque Museo Pedro del R\u00edo Za\u00f1artu ha realizado la primera salida pedag\u00f3gica en contexto de pandemia, rescatando la historia, la naturaleza y el arte como elementos transversales y primordiales en el desarrollo humano. La actividad se llev\u00f3 acabo el jueves 11 de noviembre, participando 41 estudiantes desde 5\u00b0 b\u00e1sico a 3\u00b0 medio; acompa\u00f1ados por directivos y profesores de las asignaturas de Historia y Artes Visuales. La actividad consisti\u00f3 en una caminata por el cerro Pon Pon ubicado en la desembocadura del R\u00edo B\u00edo-B\u00edo y por los jardines circundantes al Museo. Mientras se realizaba el recorrido se les solicito a los estudiantes tomar fotograf\u00edas o tomar apuntes tipo croquis de los lugares que les llamaban la atenci\u00f3n y por medio de la descripci\u00f3n del gu\u00eda, facilitado por el museo, pudimos conocer m\u00e1s sobre la historia de su fundador, la biodiversidad y la necesidad de cuidar este pulm\u00f3n verde de nuestra regi\u00f3n. Finalizamos realizando por grupos un momento de creaci\u00f3n pl\u00e1stica en donde los estudiantes debieron plasmar su experiencia con el entorno. Al culminar y regresar al liceo los estudiantes destacan positivamente la experiencia no solo valorando el paisaje observado, sino que tambi\u00e9n rescataron el poder conocer compa\u00f1eros de otros cursos y experimentar junto a ellos estos magn\u00edficos entornos.[\/vc_column_text][vc_empty_space][vc_single_image image=\u00bb381&#8243; img_size=\u00bbfull\u00bb qode_css_animation=\u00bb\u00bb][\/vc_column][\/vc_row]<\/p>\n<\/div>","protected":false},"excerpt":{"rendered":"<p>Desde antes de la pandemia las salidas pedag\u00f3gicas posibilitaban la vinculaci\u00f3n con el medio y el desarrollo de aprendizajes<\/p>\n","protected":false},"author":6,"featured_media":380,"comment_status":"closed","ping_status":"closed","sticky":false,"template":"","format":"standard","meta":{"footnotes":""},"categories":[4],"tags":[],"class_list":["post-378","post","type-post","status-publish","format-standard","has-post-thumbnail","hentry","category-noticias"],"_links":{"self":[{"href":"https:\/\/www.coreduc.cl\/jsu\/wp-json\/wp\/v2\/posts\/378","targetHints":{"allow":["GET"]}}],"collection":[{"href":"https:\/\/www.coreduc.cl\/jsu\/wp-json\/wp\/v2\/posts"}],"about":[{"href":"https:\/\/www.coreduc.cl\/jsu\/wp-json\/wp\/v2\/types\/post"}],"author":[{"embeddable":true,"href":"https:\/\/www.coreduc.cl\/jsu\/wp-json\/wp\/v2\/users\/6"}],"replies":[{"embeddable":true,"href":"https:\/\/www.coreduc.cl\/jsu\/wp-json\/wp\/v2\/comments?post=378"}],"version-history":[{"count":2,"href":"https:\/\/www.coreduc.cl\/jsu\/wp-json\/wp\/v2\/posts\/378\/revisions"}],"predecessor-version":[{"id":382,"href":"https:\/\/www.coreduc.cl\/jsu\/wp-json\/wp\/v2\/posts\/378\/revisions\/382"}],"wp:featuredmedia":[{"embeddable":true,"href":"https:\/\/www.coreduc.cl\/jsu\/wp-json\/wp\/v2\/media\/380"}],"wp:attachment":[{"href":"https:\/\/www.coreduc.cl\/jsu\/wp-json\/wp\/v2\/media?parent=378"}],"wp:term":[{"taxonomy":"category","embeddable":true,"href":"https:\/\/www.coreduc.cl\/jsu\/wp-json\/wp\/v2\/categories?post=378"},{"taxonomy":"post_tag","embeddable":true,"href":"https:\/\/www.coreduc.cl\/jsu\/wp-json\/wp\/v2\/tags?post=378"}],"curies":[{"name":"wp","href":"https:\/\/api.w.org\/{rel}","templated":true}]}}