{"id":352,"date":"2021-09-24T09:04:55","date_gmt":"2021-09-24T12:04:55","guid":{"rendered":"https:\/\/www.coreduc.cl\/jsu\/?p=352"},"modified":"2021-09-24T09:08:28","modified_gmt":"2021-09-24T12:08:28","slug":"curso-r-c-p-y-uso-d-e-a","status":"publish","type":"post","link":"https:\/\/www.coreduc.cl\/jsu\/curso-r-c-p-y-uso-d-e-a\/","title":{"rendered":"Curso R.C.P y uso D.E.A."},"content":{"rendered":"<div class=\"wpb-content-wrapper\"><p>[vc_row css_animation=\u00bb\u00bb row_type=\u00bbrow\u00bb use_row_as_full_screen_section=\u00bbno\u00bb type=\u00bbfull_width\u00bb angled_section=\u00bbno\u00bb text_align=\u00bbleft\u00bb background_image_as_pattern=\u00bbwithout_pattern\u00bb][vc_column][vc_empty_space][vc_column_text]<strong>Organizado por: Coreduc y Mutual de Seguridad<\/strong><br \/>\nLos estudios epidemiol\u00f3gicos realizados en las \u00faltimas d\u00e9cadas se\u00f1alan como primera causa de muerte en Chile al grupo de las enfermedades cardiovasculares, con una mortalidad de 24.000 defunciones al a\u00f1o. Aunque se desconoce cu\u00e1ntas de estas muertes pueden ser evitables, se sabe que un n\u00famero significativo corresponde a infartos de miocardio con paro card\u00edaco extrahospitalario. La supervivencia en estos casos aumenta considerablemente, hasta en un 43% si se entrega Soporte Vital B\u00e1sico al paciente dentro de los primeros 4 minutos desde ocurrido el evento.<\/p>\n<p>Con fecha 22 de Septiembre, 12 profesionales del establecimiento, representantes de cada uno de los estamentos que lo componen, participaron del Curso RCP y Uso del DEA, organizado por Coreduc y ejecutado por Mutual de Seguridad, a trav\u00e9s de su relator Sr. Hugo Matamala Guardiola.<\/p>\n<p>Los temas tratados fueron:<\/p>\n<p>1.- Paro Cardiorespiratorio<\/p>\n<p>2.- Fisiolog\u00eda del Coraz\u00f3n<\/p>\n<p>3.- Marco Legal<\/p>\n<p>4.- Evaluaci\u00f3n de la escena y RCP<\/p>\n<p>5.- Uso del DEA (Desfribrilador Externo Autom\u00e1tico)<\/p>\n<p>6.- Ovace y Maniobra de Heimlich<\/p>\n<p>Esta actividad ha sido muy bien valorada por los participantes debido al impacto que tiene en el cuidado preventivo de nuestros estudiantes y personal en general, adem\u00e1s de valorar positivamente la incorporaci\u00f3n a la gesti\u00f3n del establecimiento de equipamiento de alta calidad y beneficio frente a situaciones que afecten al miocardio.<\/p>\n<p>Agradecemos a Coreduc por gestionar este curso, a Mutual de Seguridad por el trabajo realizado por el relator Sr. Matamala Guardiola, quien con mucha paciencia, metodolog\u00eda y did\u00e1ctica present\u00f3 cada una de las tem\u00e1ticas con mucha dedicaci\u00f3n, profesionalismo y claridad, y a cada uno de los participantes de nuestro establecimiento, quienes asistieron con ganas de aprender, practicar y conocer, no s\u00f3lo los aspectos pr\u00e1cticos del curso, sino tambi\u00e9n los aspectos legales asociados a la ley 21.156.[\/vc_column_text][vc_column_text]<\/p>\n\n\t\t<style type=\"text\/css\">\n\t\t\t#gallery-1 {\n\t\t\t\tmargin: auto;\n\t\t\t}\n\t\t\t#gallery-1 .gallery-item {\n\t\t\t\tfloat: left;\n\t\t\t\tmargin-top: 10px;\n\t\t\t\ttext-align: center;\n\t\t\t\twidth: 33%;\n\t\t\t}\n\t\t\t#gallery-1 img {\n\t\t\t\tborder: 2px solid #cfcfcf;\n\t\t\t}\n\t\t\t#gallery-1 .gallery-caption {\n\t\t\t\tmargin-left: 0;\n\t\t\t}\n\t\t\t\/* see gallery_shortcode() in wp-includes\/media.php *\/\n\t\t<\/style>\n\t\t<div id='gallery-1' class='gallery galleryid-352 gallery-columns-3 gallery-size-medium'><dl class='gallery-item'>\n\t\t\t<dt class='gallery-icon landscape'>\n\t\t\t\t<a href='https:\/\/www.coreduc.cl\/jsu\/wp-content\/uploads\/2021\/09\/img-23092021-1.jpg'><img loading=\"lazy\" decoding=\"async\" width=\"300\" height=\"201\" src=\"https:\/\/www.coreduc.cl\/jsu\/wp-content\/uploads\/2021\/09\/img-23092021-1-300x201.jpg\" class=\"attachment-medium size-medium\" alt=\"\" srcset=\"https:\/\/www.coreduc.cl\/jsu\/wp-content\/uploads\/2021\/09\/img-23092021-1-300x201.jpg 300w, https:\/\/www.coreduc.cl\/jsu\/wp-content\/uploads\/2021\/09\/img-23092021-1-700x469.jpg 700w, https:\/\/www.coreduc.cl\/jsu\/wp-content\/uploads\/2021\/09\/img-23092021-1.jpg 724w\" sizes=\"auto, (max-width: 300px) 100vw, 300px\" \/><\/a>\n\t\t\t<\/dt><\/dl><dl class='gallery-item'>\n\t\t\t<dt class='gallery-icon landscape'>\n\t\t\t\t<a href='https:\/\/www.coreduc.cl\/jsu\/wp-content\/uploads\/2021\/09\/img-23092021-3.jpg'><img loading=\"lazy\" decoding=\"async\" width=\"300\" height=\"201\" src=\"https:\/\/www.coreduc.cl\/jsu\/wp-content\/uploads\/2021\/09\/img-23092021-3-300x201.jpg\" class=\"attachment-medium size-medium\" alt=\"\" srcset=\"https:\/\/www.coreduc.cl\/jsu\/wp-content\/uploads\/2021\/09\/img-23092021-3-300x201.jpg 300w, https:\/\/www.coreduc.cl\/jsu\/wp-content\/uploads\/2021\/09\/img-23092021-3-700x469.jpg 700w, https:\/\/www.coreduc.cl\/jsu\/wp-content\/uploads\/2021\/09\/img-23092021-3.jpg 724w\" sizes=\"auto, (max-width: 300px) 100vw, 300px\" \/><\/a>\n\t\t\t<\/dt><\/dl><dl class='gallery-item'>\n\t\t\t<dt class='gallery-icon landscape'>\n\t\t\t\t<a href='https:\/\/www.coreduc.cl\/jsu\/wp-content\/uploads\/2021\/09\/img-23092021-4.jpg'><img loading=\"lazy\" decoding=\"async\" width=\"300\" height=\"201\" src=\"https:\/\/www.coreduc.cl\/jsu\/wp-content\/uploads\/2021\/09\/img-23092021-4-300x201.jpg\" class=\"attachment-medium size-medium\" alt=\"\" srcset=\"https:\/\/www.coreduc.cl\/jsu\/wp-content\/uploads\/2021\/09\/img-23092021-4-300x201.jpg 300w, https:\/\/www.coreduc.cl\/jsu\/wp-content\/uploads\/2021\/09\/img-23092021-4-700x469.jpg 700w, https:\/\/www.coreduc.cl\/jsu\/wp-content\/uploads\/2021\/09\/img-23092021-4.jpg 724w\" sizes=\"auto, (max-width: 300px) 100vw, 300px\" \/><\/a>\n\t\t\t<\/dt><\/dl><br style=\"clear: both\" \/>\n\t\t<\/div>\n\n<p>[\/vc_column_text][\/vc_column][\/vc_row]<\/p>\n<\/div>","protected":false},"excerpt":{"rendered":"<p>Los estudios epidemiol\u00f3gicos realizados en las \u00faltimas d\u00e9cadas se\u00f1alan como primera causa de muerte en Chile<\/p>\n","protected":false},"author":6,"featured_media":358,"comment_status":"closed","ping_status":"closed","sticky":false,"template":"","format":"standard","meta":{"footnotes":""},"categories":[4],"tags":[],"class_list":["post-352","post","type-post","status-publish","format-standard","has-post-thumbnail","hentry","category-noticias"],"_links":{"self":[{"href":"https:\/\/www.coreduc.cl\/jsu\/wp-json\/wp\/v2\/posts\/352","targetHints":{"allow":["GET"]}}],"collection":[{"href":"https:\/\/www.coreduc.cl\/jsu\/wp-json\/wp\/v2\/posts"}],"about":[{"href":"https:\/\/www.coreduc.cl\/jsu\/wp-json\/wp\/v2\/types\/post"}],"author":[{"embeddable":true,"href":"https:\/\/www.coreduc.cl\/jsu\/wp-json\/wp\/v2\/users\/6"}],"replies":[{"embeddable":true,"href":"https:\/\/www.coreduc.cl\/jsu\/wp-json\/wp\/v2\/comments?post=352"}],"version-history":[{"count":2,"href":"https:\/\/www.coreduc.cl\/jsu\/wp-json\/wp\/v2\/posts\/352\/revisions"}],"predecessor-version":[{"id":359,"href":"https:\/\/www.coreduc.cl\/jsu\/wp-json\/wp\/v2\/posts\/352\/revisions\/359"}],"wp:featuredmedia":[{"embeddable":true,"href":"https:\/\/www.coreduc.cl\/jsu\/wp-json\/wp\/v2\/media\/358"}],"wp:attachment":[{"href":"https:\/\/www.coreduc.cl\/jsu\/wp-json\/wp\/v2\/media?parent=352"}],"wp:term":[{"taxonomy":"category","embeddable":true,"href":"https:\/\/www.coreduc.cl\/jsu\/wp-json\/wp\/v2\/categories?post=352"},{"taxonomy":"post_tag","embeddable":true,"href":"https:\/\/www.coreduc.cl\/jsu\/wp-json\/wp\/v2\/tags?post=352"}],"curies":[{"name":"wp","href":"https:\/\/api.w.org\/{rel}","templated":true}]}}