{"id":331,"date":"2021-06-07T11:19:23","date_gmt":"2021-06-07T15:19:23","guid":{"rendered":"https:\/\/www.coreduc.cl\/jsu\/?p=331"},"modified":"2021-06-07T11:35:12","modified_gmt":"2021-06-07T15:35:12","slug":"ceremonia-firma-de-compromiso-bicentenario","status":"publish","type":"post","link":"https:\/\/www.coreduc.cl\/jsu\/ceremonia-firma-de-compromiso-bicentenario\/","title":{"rendered":"Ceremonia Firma De Compromiso Bicentenario"},"content":{"rendered":"<div class=\"wpb-content-wrapper\"><p>[vc_row css_animation=\u00bb\u00bb row_type=\u00bbrow\u00bb use_row_as_full_screen_section=\u00bbno\u00bb type=\u00bbfull_width\u00bb angled_section=\u00bbno\u00bb text_align=\u00bbleft\u00bb background_image_as_pattern=\u00bbwithout_pattern\u00bb][vc_column][vc_single_image image=\u00bb333&#8243; img_size=\u00bbfull\u00bb qode_css_animation=\u00bb\u00bb][vc_empty_space][vc_column_text]Con la visita de el Seremi de Educaci\u00f3n de la Regi\u00f3n del Bio Bio Felipe Vogel Vogel, el d\u00eda lunes 31 de mayo a las 15:00 y con la presencia de representantes de toda la Comunidad de nuestro establecimiento se desarroll\u00f3 la Ceremonia de firma del compromiso Bicentenario.<br \/>\nEste compromiso viene a fortalecer la convicci\u00f3n que la educaci\u00f3n es el resultado de la combinaci\u00f3n entre responsabilidad y esfuerzo del alumno, su familia y la comunidad escolar. Sumar los esfuerzos de todos es fundamental.<br \/>\nUn Liceo Bicentenario tiene altas expectativas y se compromete con el desarrollo de aprendizajes desafiantes, con orden, m\u00e9todo y constancia, que tiene como foco contribuir a mejorar la calidad de la educaci\u00f3n del pa\u00eds. Frente a este Compromiso Bicentenario, se establecen las distintas responsabilidades a las que se comprometen todos los integrantes de la comunidad escolar.<br \/>\nPor otra parte, el SEREMI destac\u00f3 la labor del establecimiento y de su entidad sostenedora COREDUC, por la consecuci\u00f3n de este sello Bicentenario reconociendo que, entre m\u00e1s de 1200 establecimientos de la Regi\u00f3n del Bio-Bio, solo 28 de ellos cuentan con este reconocimiento, de los cuales dos dependen de la Gesti\u00f3n COREDUC: Liceo Bicentenario Hern\u00e1n Valenzuela Leyton y Liceo T.P Bicentenario Jorge S\u00e1nchez Ugarte.<br \/>\nEn la misma ceremonia de firma se reconoci\u00f3, por parte de COREDUC y el Liceo, el logro acad\u00e9mico obtenido por tres estudiantes de Cuarto Medio generaci\u00f3n 2020 quienes lograron muy buenos resultados en la Prueba de Transici\u00f3n Universitaria, reconocimiento que consisti\u00f3 en un computador port\u00e1til que representar\u00e1 una tremenda herramienta en la continuaci\u00f3n de su formaci\u00f3n profesional.<\/p>\n<table border=\"0\" width=\"0\" cellspacing=\"0\" cellpadding=\"5\">\n<tbody>\n<tr>\n<td valign=\"top\" width=\"232\"><\/td>\n<td valign=\"top\" width=\"81\"><strong>Lenguaje<\/strong><\/td>\n<td valign=\"top\" width=\"103\"><strong>Matem\u00e1tica<\/strong><\/td>\n<td valign=\"top\" width=\"95\"><strong>Historia <\/strong><\/td>\n<td valign=\"top\" width=\"95\"><strong>Ciencias<\/strong><\/td>\n<\/tr>\n<tr>\n<td valign=\"top\" width=\"232\">Danae Eilyn Gonz\u00e1lez Vald\u00e9s<\/td>\n<td valign=\"top\" width=\"81\">\n<p align=\"center\">745<\/p>\n<\/td>\n<td valign=\"top\" width=\"103\">\n<p align=\"center\">640<\/p>\n<\/td>\n<td valign=\"top\" width=\"95\">\n<p align=\"center\">722<\/p>\n<\/td>\n<td valign=\"top\" width=\"95\">\n<p align=\"center\">622<\/p>\n<\/td>\n<\/tr>\n<tr>\n<td valign=\"top\" width=\"232\">Valentina Antonia Hormaz\u00e1bal Gonz\u00e1lez<\/td>\n<td valign=\"top\" width=\"81\">\n<p align=\"center\">802<\/p>\n<\/td>\n<td valign=\"top\" width=\"103\">\n<p align=\"center\">611<\/p>\n<\/td>\n<td valign=\"top\" width=\"95\">\n<p align=\"center\">\n<\/td>\n<td valign=\"top\" width=\"95\">\n<p align=\"center\">655<\/p>\n<\/td>\n<\/tr>\n<tr>\n<td valign=\"top\" width=\"232\">Mirovick Alessandro Fern\u00e1ndez Albornoz<\/td>\n<td valign=\"top\" width=\"81\">\n<p align=\"center\">658<\/p>\n<\/td>\n<td valign=\"top\" width=\"103\">\n<p align=\"center\">814<\/p>\n<\/td>\n<td valign=\"top\" width=\"95\">\n<p align=\"center\">\n<\/td>\n<td valign=\"top\" width=\"95\">\n<p align=\"center\">759<\/p>\n<\/td>\n<\/tr>\n<\/tbody>\n<\/table>\n<p>&nbsp;<\/p>\n<p>Concluyendo la ceremonia, el SEREMI se dedic\u00f3 a conversar con profesores y alumnos para reconocer a nuestra comunidad por dar significativos pasos en el retorno gradual a la presencialidad, destacando el rol de nuestros estudiantes y profesores para reconocer lo imprescindible de este proceso en la formaci\u00f3n de nuestros alumnos.[\/vc_column_text][vc_column_text]<\/p>\n\n\t\t<style type=\"text\/css\">\n\t\t\t#gallery-1 {\n\t\t\t\tmargin: auto;\n\t\t\t}\n\t\t\t#gallery-1 .gallery-item {\n\t\t\t\tfloat: left;\n\t\t\t\tmargin-top: 10px;\n\t\t\t\ttext-align: center;\n\t\t\t\twidth: 16%;\n\t\t\t}\n\t\t\t#gallery-1 img {\n\t\t\t\tborder: 2px solid #cfcfcf;\n\t\t\t}\n\t\t\t#gallery-1 .gallery-caption {\n\t\t\t\tmargin-left: 0;\n\t\t\t}\n\t\t\t\/* see gallery_shortcode() in wp-includes\/media.php *\/\n\t\t<\/style>\n\t\t<div id='gallery-1' class='gallery galleryid-331 gallery-columns-6 gallery-size-thumbnail'><dl class='gallery-item'>\n\t\t\t<dt class='gallery-icon landscape'>\n\t\t\t\t<a href='https:\/\/www.coreduc.cl\/jsu\/wp-content\/uploads\/2021\/06\/img1-07062021.jpg'><img loading=\"lazy\" decoding=\"async\" width=\"150\" height=\"150\" src=\"https:\/\/www.coreduc.cl\/jsu\/wp-content\/uploads\/2021\/06\/img1-07062021-150x150.jpg\" class=\"attachment-thumbnail size-thumbnail\" alt=\"\" srcset=\"https:\/\/www.coreduc.cl\/jsu\/wp-content\/uploads\/2021\/06\/img1-07062021-150x150.jpg 150w, https:\/\/www.coreduc.cl\/jsu\/wp-content\/uploads\/2021\/06\/img1-07062021-570x570.jpg 570w, https:\/\/www.coreduc.cl\/jsu\/wp-content\/uploads\/2021\/06\/img1-07062021-600x600.jpg 600w, https:\/\/www.coreduc.cl\/jsu\/wp-content\/uploads\/2021\/06\/img1-07062021-500x500.jpg 500w\" sizes=\"auto, (max-width: 150px) 100vw, 150px\" \/><\/a>\n\t\t\t<\/dt><\/dl><dl class='gallery-item'>\n\t\t\t<dt class='gallery-icon landscape'>\n\t\t\t\t<a href='https:\/\/www.coreduc.cl\/jsu\/wp-content\/uploads\/2021\/06\/img2-07062021.jpg'><img loading=\"lazy\" decoding=\"async\" width=\"150\" height=\"150\" src=\"https:\/\/www.coreduc.cl\/jsu\/wp-content\/uploads\/2021\/06\/img2-07062021-150x150.jpg\" class=\"attachment-thumbnail size-thumbnail\" alt=\"\" srcset=\"https:\/\/www.coreduc.cl\/jsu\/wp-content\/uploads\/2021\/06\/img2-07062021-150x150.jpg 150w, https:\/\/www.coreduc.cl\/jsu\/wp-content\/uploads\/2021\/06\/img2-07062021-570x570.jpg 570w, https:\/\/www.coreduc.cl\/jsu\/wp-content\/uploads\/2021\/06\/img2-07062021-600x600.jpg 600w, https:\/\/www.coreduc.cl\/jsu\/wp-content\/uploads\/2021\/06\/img2-07062021-500x500.jpg 500w\" sizes=\"auto, (max-width: 150px) 100vw, 150px\" \/><\/a>\n\t\t\t<\/dt><\/dl><dl class='gallery-item'>\n\t\t\t<dt class='gallery-icon landscape'>\n\t\t\t\t<a href='https:\/\/www.coreduc.cl\/jsu\/wp-content\/uploads\/2021\/06\/img5-07062021.jpg'><img loading=\"lazy\" decoding=\"async\" width=\"150\" height=\"150\" src=\"https:\/\/www.coreduc.cl\/jsu\/wp-content\/uploads\/2021\/06\/img5-07062021-150x150.jpg\" class=\"attachment-thumbnail size-thumbnail\" alt=\"\" srcset=\"https:\/\/www.coreduc.cl\/jsu\/wp-content\/uploads\/2021\/06\/img5-07062021-150x150.jpg 150w, https:\/\/www.coreduc.cl\/jsu\/wp-content\/uploads\/2021\/06\/img5-07062021-570x570.jpg 570w, https:\/\/www.coreduc.cl\/jsu\/wp-content\/uploads\/2021\/06\/img5-07062021-600x600.jpg 600w, https:\/\/www.coreduc.cl\/jsu\/wp-content\/uploads\/2021\/06\/img5-07062021-500x500.jpg 500w\" sizes=\"auto, (max-width: 150px) 100vw, 150px\" \/><\/a>\n\t\t\t<\/dt><\/dl><dl class='gallery-item'>\n\t\t\t<dt class='gallery-icon landscape'>\n\t\t\t\t<a href='https:\/\/www.coreduc.cl\/jsu\/wp-content\/uploads\/2021\/06\/img6-07062021.jpg'><img loading=\"lazy\" decoding=\"async\" width=\"150\" height=\"150\" src=\"https:\/\/www.coreduc.cl\/jsu\/wp-content\/uploads\/2021\/06\/img6-07062021-150x150.jpg\" class=\"attachment-thumbnail size-thumbnail\" alt=\"\" srcset=\"https:\/\/www.coreduc.cl\/jsu\/wp-content\/uploads\/2021\/06\/img6-07062021-150x150.jpg 150w, https:\/\/www.coreduc.cl\/jsu\/wp-content\/uploads\/2021\/06\/img6-07062021-570x570.jpg 570w, https:\/\/www.coreduc.cl\/jsu\/wp-content\/uploads\/2021\/06\/img6-07062021-600x600.jpg 600w, https:\/\/www.coreduc.cl\/jsu\/wp-content\/uploads\/2021\/06\/img6-07062021-500x500.jpg 500w\" sizes=\"auto, (max-width: 150px) 100vw, 150px\" \/><\/a>\n\t\t\t<\/dt><\/dl><dl class='gallery-item'>\n\t\t\t<dt class='gallery-icon landscape'>\n\t\t\t\t<a href='https:\/\/www.coreduc.cl\/jsu\/wp-content\/uploads\/2021\/06\/img3-07062021.jpg'><img loading=\"lazy\" decoding=\"async\" width=\"150\" height=\"150\" src=\"https:\/\/www.coreduc.cl\/jsu\/wp-content\/uploads\/2021\/06\/img3-07062021-150x150.jpg\" class=\"attachment-thumbnail size-thumbnail\" alt=\"\" \/><\/a>\n\t\t\t<\/dt><\/dl><dl class='gallery-item'>\n\t\t\t<dt class='gallery-icon landscape'>\n\t\t\t\t<a href='https:\/\/www.coreduc.cl\/jsu\/wp-content\/uploads\/2021\/06\/img4-07062021.jpg'><img loading=\"lazy\" decoding=\"async\" width=\"150\" height=\"150\" src=\"https:\/\/www.coreduc.cl\/jsu\/wp-content\/uploads\/2021\/06\/img4-07062021-150x150.jpg\" class=\"attachment-thumbnail size-thumbnail\" alt=\"\" \/><\/a>\n\t\t\t<\/dt><\/dl><br style=\"clear: both\" \/>\n\t\t<\/div>\n\n<p>[\/vc_column_text][\/vc_column][\/vc_row]<\/p>\n<\/div>","protected":false},"excerpt":{"rendered":"<p>Con la visita de el Seremi de Educaci\u00f3n de la Regi\u00f3n del Bio Bio Felipe Vogel Vogel<\/p>\n","protected":false},"author":6,"featured_media":333,"comment_status":"closed","ping_status":"closed","sticky":false,"template":"","format":"standard","meta":{"footnotes":""},"categories":[4],"tags":[],"class_list":["post-331","post","type-post","status-publish","format-standard","has-post-thumbnail","hentry","category-noticias"],"_links":{"self":[{"href":"https:\/\/www.coreduc.cl\/jsu\/wp-json\/wp\/v2\/posts\/331","targetHints":{"allow":["GET"]}}],"collection":[{"href":"https:\/\/www.coreduc.cl\/jsu\/wp-json\/wp\/v2\/posts"}],"about":[{"href":"https:\/\/www.coreduc.cl\/jsu\/wp-json\/wp\/v2\/types\/post"}],"author":[{"embeddable":true,"href":"https:\/\/www.coreduc.cl\/jsu\/wp-json\/wp\/v2\/users\/6"}],"replies":[{"embeddable":true,"href":"https:\/\/www.coreduc.cl\/jsu\/wp-json\/wp\/v2\/comments?post=331"}],"version-history":[{"count":7,"href":"https:\/\/www.coreduc.cl\/jsu\/wp-json\/wp\/v2\/posts\/331\/revisions"}],"predecessor-version":[{"id":345,"href":"https:\/\/www.coreduc.cl\/jsu\/wp-json\/wp\/v2\/posts\/331\/revisions\/345"}],"wp:featuredmedia":[{"embeddable":true,"href":"https:\/\/www.coreduc.cl\/jsu\/wp-json\/wp\/v2\/media\/333"}],"wp:attachment":[{"href":"https:\/\/www.coreduc.cl\/jsu\/wp-json\/wp\/v2\/media?parent=331"}],"wp:term":[{"taxonomy":"category","embeddable":true,"href":"https:\/\/www.coreduc.cl\/jsu\/wp-json\/wp\/v2\/categories?post=331"},{"taxonomy":"post_tag","embeddable":true,"href":"https:\/\/www.coreduc.cl\/jsu\/wp-json\/wp\/v2\/tags?post=331"}],"curies":[{"name":"wp","href":"https:\/\/api.w.org\/{rel}","templated":true}]}}