{"id":273,"date":"2020-12-09T16:32:31","date_gmt":"2020-12-09T19:32:31","guid":{"rendered":"https:\/\/www.coreduc.cl\/jsu\/?p=273"},"modified":"2020-12-09T16:34:14","modified_gmt":"2020-12-09T19:34:14","slug":"torneo-de-emprendimiento-e-innovacion-emprendiendo-aprendo-cchc-ong-educando-en-red","status":"publish","type":"post","link":"https:\/\/www.coreduc.cl\/jsu\/torneo-de-emprendimiento-e-innovacion-emprendiendo-aprendo-cchc-ong-educando-en-red\/","title":{"rendered":"Torneo de emprendimiento e innovaci\u00f3n \u00abemprendiendo aprendo\u00bb &#8211; CCHC &#8211; ONG EDUCANDO EN RED"},"content":{"rendered":"<div class=\"wpb-content-wrapper\"><p>[vc_row css_animation=\u00bb\u00bb row_type=\u00bbrow\u00bb use_row_as_full_screen_section=\u00bbno\u00bb type=\u00bbfull_width\u00bb angled_section=\u00bbno\u00bb text_align=\u00bbleft\u00bb background_image_as_pattern=\u00bbwithout_pattern\u00bb][vc_column][vc_column_text]Como parte del Programa de Fortalecimiento Educativo para T\u00e9cnicos de Nivel Medio de la C\u00e1mara Chilena de la Construcci\u00f3n, delegaci\u00f3n Regional, y la ONG Educando en Red, se realiz\u00f3 entre los meses de octubre y noviembre el Torneo de Emprendimiento e Innovaci\u00f3n \u201cEmprendiendo Aprendo\u201d, para estudiantes de tercero y cuarto medio de Liceos T\u00e9cnico Profesionales que reuni\u00f3 a 17 liceos entre las regiones del Maule, \u00d1uble y B\u00edo B\u00edo, cuyo objetivo fue fortalecer competencias socio laborales y de innovaci\u00f3n en las y los j\u00f3venes participantes.<\/p>\n<p>La iniciativa que fue liderada por el coordinador de la Zona Sur Programas Sociales de la C\u00e1mara Chilena de la Construcci\u00f3n, Diego Quintana y ejecutada por la ONG Educando en Red, a trav\u00e9s de su Gerente General Sr. Alberto Pillado, busca apoyar a j\u00f3venes estudiantes mediante empresas asociadas a la CChC, con el prop\u00f3sito de potenciar el emprendimiento y la innovaci\u00f3n\u00a0 en la educaci\u00f3n t\u00e9cnico profesional.<\/p>\n<p>Nuestro liceo estuvo representado por las y los estudiantes:<\/p>\n<ul>\n<li>Scarleth Concha Rivas, \u00a0Cristobal Figueroa Villegas y Mat\u00edas Pe\u00f1a Pardo, alumnos de tercero medio de Montaje Industrial<\/li>\n<li>Bel\u00e9n Rozas Pardo, Franchesca Mora Chehuan, Roc\u00edo Hidalgo Antiman y Jorge Carrasco Toloza de cuatro medio \u201cA\u201d de Administraci\u00f3n Menci\u00f3n RRHH.<\/li>\n<li>Mar\u00eda C\u00e1ceres V\u00e1squez de cuatro medio \u201cB\u201d de Administraci\u00f3n Menci\u00f3n RRHH.<\/li>\n<li>Claudia Miranda Alarc\u00f3n, Ignacio Godoy Arriagada, Arturo Villar Gonz\u00e1lez y\u00a0 Gerald Valenzuela Rojas, alumnos de cuarto medio de Montaje Industrial<\/li>\n<\/ul>\n<p>Estos estudiantes fueron acompa\u00f1ados en el desarrollo de su proyecto de innovaci\u00f3n por la Profesora de Administraci\u00f3n Susana P\u00e9rez Miranda, y el Profesor de Montaje Industrial Gabriel Rivas Placencia.<\/p>\n<p>El proyecto trabajado se denomin\u00f3 Drenen\u00e9, cuyo objetivo fue la reutilizaci\u00f3n de aguas grises generadas en el hogar, reduciendo el consumo y los costos econ\u00f3micos asociados.<\/p>\n<p>Con este proyecto, se adjudicaron una de las tres categor\u00edas en competencia, cual fue la de \u201c<strong>Colaboraci\u00f3n\u201d<\/strong>, quedando la de \u201cComunicaci\u00f3n\u201d en un liceo de Lebu y la de \u201cPropuesta\u201d en un liceo de Curic\u00f3. La premiaci\u00f3n fue realizada virtualmente el 3 de diciembre, con la participaci\u00f3n de nuestro Director, ejecutivos de la CCHC Delegaci\u00f3n Regional de \u00d1uble y Bio Bio, estudiantes, profesores y Directivos de los Liceos de las regiones indicadas anteriormente.<\/p>\n<p>Felicitamos a nuestros estudiantes de 3\u00b0 y 4\u00b0 medio de las especialidades de Administraci\u00f3n y Montaje Industrial participantes del proyecto \u201cDrenen\u00e9\u201d, por su entusiasmo, responsabilidad, compromiso, energ\u00eda y buena disposici\u00f3n, y a nuestros profesores por su profesionalismo y dedicaci\u00f3n, que enorgullece a nuestra comunidad educativa.<\/p>\n<p>[\/vc_column_text][vc_empty_space]<a  itemprop=\"url\" href=\"https:\/\/www.tvu.cl\/comunidades\/entrevistas-lcc\/2020\/12\/04\/educando-en-red-y-cchc-promueven-el-emprendimiento-en-la-educacion-tecnico-profesional.html\" target=\"_self\"  class=\"qbutton  default\" style=\"\">Ver m\u00e1s<\/a>[vc_empty_space][\/vc_column][\/vc_row]<\/p>\n<\/div>","protected":false},"excerpt":{"rendered":"<p>Como parte del Programa de Fortalecimiento Educativo para T\u00e9cnicos de Nivel Medio de la C\u00e1mara Chilena de la Construcci\u00f3n<\/p>\n","protected":false},"author":6,"featured_media":274,"comment_status":"closed","ping_status":"closed","sticky":false,"template":"","format":"standard","meta":{"footnotes":""},"categories":[4],"tags":[],"class_list":["post-273","post","type-post","status-publish","format-standard","has-post-thumbnail","hentry","category-noticias"],"_links":{"self":[{"href":"https:\/\/www.coreduc.cl\/jsu\/wp-json\/wp\/v2\/posts\/273","targetHints":{"allow":["GET"]}}],"collection":[{"href":"https:\/\/www.coreduc.cl\/jsu\/wp-json\/wp\/v2\/posts"}],"about":[{"href":"https:\/\/www.coreduc.cl\/jsu\/wp-json\/wp\/v2\/types\/post"}],"author":[{"embeddable":true,"href":"https:\/\/www.coreduc.cl\/jsu\/wp-json\/wp\/v2\/users\/6"}],"replies":[{"embeddable":true,"href":"https:\/\/www.coreduc.cl\/jsu\/wp-json\/wp\/v2\/comments?post=273"}],"version-history":[{"count":3,"href":"https:\/\/www.coreduc.cl\/jsu\/wp-json\/wp\/v2\/posts\/273\/revisions"}],"predecessor-version":[{"id":277,"href":"https:\/\/www.coreduc.cl\/jsu\/wp-json\/wp\/v2\/posts\/273\/revisions\/277"}],"wp:featuredmedia":[{"embeddable":true,"href":"https:\/\/www.coreduc.cl\/jsu\/wp-json\/wp\/v2\/media\/274"}],"wp:attachment":[{"href":"https:\/\/www.coreduc.cl\/jsu\/wp-json\/wp\/v2\/media?parent=273"}],"wp:term":[{"taxonomy":"category","embeddable":true,"href":"https:\/\/www.coreduc.cl\/jsu\/wp-json\/wp\/v2\/categories?post=273"},{"taxonomy":"post_tag","embeddable":true,"href":"https:\/\/www.coreduc.cl\/jsu\/wp-json\/wp\/v2\/tags?post=273"}],"curies":[{"name":"wp","href":"https:\/\/api.w.org\/{rel}","templated":true}]}}