{"id":256,"date":"2020-03-31T17:50:35","date_gmt":"2020-03-31T20:50:35","guid":{"rendered":"https:\/\/www.coreduc.cl\/jsu\/?p=256"},"modified":"2020-03-31T17:58:41","modified_gmt":"2020-03-31T20:58:41","slug":"beca-proyecto-ebim","status":"publish","type":"post","link":"https:\/\/www.coreduc.cl\/jsu\/beca-proyecto-ebim\/","title":{"rendered":"Beca PROYECTO \u00abe+bim\u00bb"},"content":{"rendered":"<div class=\"wpb-content-wrapper\"><p>[vc_row css_animation=\u00bb\u00bb row_type=\u00bbrow\u00bb use_row_as_full_screen_section=\u00bbno\u00bb type=\u00bbfull_width\u00bb angled_section=\u00bbno\u00bb text_align=\u00bbleft\u00bb background_image_as_pattern=\u00bbwithout_pattern\u00bb][vc_column][vc_column_text]Durante el mes de enero de 2020, el docente de Montaje industrial, Sr. Gabriel Rivas Placencia y la estudiante de Montaje Industrial y Presidenta del Centro de Alumnos de nuestro Liceo, Srta., Catalina Estrada Villarroel, actualmente en 4\u00b0 medio, fueron beneficiados con la Beca \u201ce + Bim\u201d, impulsado por el Ministerio de Educaci\u00f3n y Planbim de Corfo, el cual busca fomentar la ense\u00f1anza de BIM en los Liceos de Educaci\u00f3n Media T\u00e9cnico profesional de Chile.<\/p>\n<p>Felicitamos a nuestro docente y a nuestra estudiante, por la dedicaci\u00f3n, esfuerzo y logro obtenido en este curso de capacitaci\u00f3n, que de seguro ser\u00e1 aporte para los restantes estudiantes de la especialidad de Montaje industrial. [\/vc_column_text][vc_empty_space][vc_row_inner row_type=\u00bbrow\u00bb type=\u00bbfull_width\u00bb text_align=\u00bbleft\u00bb css_animation=\u00bb\u00bb][vc_column_inner width=\u00bb1\/2&#8243;][vc_single_image image=\u00bb257&#8243; img_size=\u00bbfull\u00bb alignment=\u00bbcenter\u00bb qode_css_animation=\u00bb\u00bb][vc_column_text]<\/p>\n<p style=\"text-align: center;\"><strong>Catalina Estrada Villarroel<\/strong><br \/>\nAlumna de 4\u00b0 Medio<br \/>\nMontaje Industrial<\/p>\n<p>[\/vc_column_text][\/vc_column_inner][vc_column_inner width=\u00bb1\/2&#8243;][vc_single_image image=\u00bb258&#8243; img_size=\u00bbfull\u00bb alignment=\u00bbcenter\u00bb qode_css_animation=\u00bb\u00bb][vc_column_text]<\/p>\n<p style=\"text-align: center;\"><strong>Gabriel Rivas Placencia<\/strong><br \/>\nDocente &#8211; Encargado Taller<br \/>\nMontaje Industrial<\/p>\n<p>[\/vc_column_text][\/vc_column_inner][\/vc_row_inner][vc_empty_space][\/vc_column][\/vc_row]<\/p>\n<\/div>","protected":false},"excerpt":{"rendered":"<p>Durante el mes de enero de 2020, el docente de Montaje industrial, Sr. Gabriel Rivas Placencia y la estudiante <\/p>\n","protected":false},"author":6,"featured_media":261,"comment_status":"closed","ping_status":"closed","sticky":false,"template":"","format":"standard","meta":{"footnotes":""},"categories":[4],"tags":[],"class_list":["post-256","post","type-post","status-publish","format-standard","has-post-thumbnail","hentry","category-noticias"],"_links":{"self":[{"href":"https:\/\/www.coreduc.cl\/jsu\/wp-json\/wp\/v2\/posts\/256","targetHints":{"allow":["GET"]}}],"collection":[{"href":"https:\/\/www.coreduc.cl\/jsu\/wp-json\/wp\/v2\/posts"}],"about":[{"href":"https:\/\/www.coreduc.cl\/jsu\/wp-json\/wp\/v2\/types\/post"}],"author":[{"embeddable":true,"href":"https:\/\/www.coreduc.cl\/jsu\/wp-json\/wp\/v2\/users\/6"}],"replies":[{"embeddable":true,"href":"https:\/\/www.coreduc.cl\/jsu\/wp-json\/wp\/v2\/comments?post=256"}],"version-history":[{"count":5,"href":"https:\/\/www.coreduc.cl\/jsu\/wp-json\/wp\/v2\/posts\/256\/revisions"}],"predecessor-version":[{"id":264,"href":"https:\/\/www.coreduc.cl\/jsu\/wp-json\/wp\/v2\/posts\/256\/revisions\/264"}],"wp:featuredmedia":[{"embeddable":true,"href":"https:\/\/www.coreduc.cl\/jsu\/wp-json\/wp\/v2\/media\/261"}],"wp:attachment":[{"href":"https:\/\/www.coreduc.cl\/jsu\/wp-json\/wp\/v2\/media?parent=256"}],"wp:term":[{"taxonomy":"category","embeddable":true,"href":"https:\/\/www.coreduc.cl\/jsu\/wp-json\/wp\/v2\/categories?post=256"},{"taxonomy":"post_tag","embeddable":true,"href":"https:\/\/www.coreduc.cl\/jsu\/wp-json\/wp\/v2\/tags?post=256"}],"curies":[{"name":"wp","href":"https:\/\/api.w.org\/{rel}","templated":true}]}}