{"id":237,"date":"2019-12-17T17:54:36","date_gmt":"2019-12-17T20:54:36","guid":{"rendered":"https:\/\/www.coreduc.cl\/jsu\/?p=237"},"modified":"2019-12-17T17:59:12","modified_gmt":"2019-12-17T20:59:12","slug":"compromiso-con-la-educacion-medioambiental","status":"publish","type":"post","link":"https:\/\/www.coreduc.cl\/jsu\/compromiso-con-la-educacion-medioambiental\/","title":{"rendered":"Compromiso con la Educaci\u00f3n Medioambiental"},"content":{"rendered":"<div class=\"wpb-content-wrapper\"><p>[vc_row css_animation=\u00bb\u00bb row_type=\u00bbrow\u00bb use_row_as_full_screen_section=\u00bbno\u00bb type=\u00bbfull_width\u00bb angled_section=\u00bbno\u00bb text_align=\u00bbleft\u00bb background_image_as_pattern=\u00bbwithout_pattern\u00bb][vc_column][vc_column_text]En el marco de las actividades y acciones de la Cumbre Mundial del Clima COP25, nuestro establecimiento educacional comprometi\u00f3 su labor principalmente desde dos acciones, las cuales involucraron directamente a los estudiantes y auxiliares.<\/p>\n<p>La primera de ellas, fue la implementaci\u00f3n del modelo propuesto por parte de la empresa KYKLOS, quienes buscan contribuir a la calidad de vida de las personas, dise\u00f1ando e implementando modelos de Triple Impacto: Ambiental, Social y Educacional, que operan en armon\u00eda con el planeta. En t\u00e9rminos concretos se realiz\u00f3 la instalaci\u00f3n e inauguraci\u00f3n de un punto de acopio de materiales reciclables; paralelamente se llevaron a cabo la inducci\u00f3n de estudiantes y cuerpo auxiliar para conocer el modo de utilizaci\u00f3n. A la actividad asistieron el Director, el CEAL, KYKLOS y los estudiantes que participaron de la ornamentaci\u00f3n a trav\u00e9s de la pintura del punto verde.<\/p>\n<p>La segunda acci\u00f3n, corresponde a la campa\u00f1a planificada por las Monitoras de Convivencia, denominada \u201cyo me cuido\u201d, en la cual invitaron a los cursos a participar activamente mediante la solicitud de material reciclable seg\u00fan la siguiente distribuci\u00f3n: Primeros b\u00e1sicos: papel blanco; segundos b\u00e1sicos: cart\u00f3n; terceros b\u00e1sicos: botellas pl\u00e1sticas; cuartos b\u00e1sicos: tapas pl\u00e1sticas; quintos y sextos b\u00e1sicos: latas.<\/p>\n<p>Una vez estando en el punto verde, se les facilitaba a los estudiantes un vaso de cart\u00f3n, en donde ellos con una pala de jard\u00edn le colocaban tierra de hoja, luego con la asistencia de estudiantes de segundo medio A -pertenecientes a la brigada de servicios del establecimiento- depositaban una semilla y proced\u00edan al riego, finalizando con colocar por fuera del vaso su respectivo nombre y el de la semilla sembrada.[\/vc_column_text][vc_empty_space][vc_row_inner row_type=\u00bbrow\u00bb type=\u00bbfull_width\u00bb text_align=\u00bbleft\u00bb css_animation=\u00bb\u00bb][vc_column_inner][vc_gallery type=\u00bbimage_grid\u00bb images=\u00bb241,242,243,244,250,240&#8243; img_size=\u00bbfull\u00bb column_number=\u00bb3&#8243; grayscale=\u00bbno\u00bb images_space=\u00bbgallery_with_space\u00bb][\/vc_column_inner][\/vc_row_inner][vc_empty_space][\/vc_column][\/vc_row]<\/p>\n<\/div>","protected":false},"excerpt":{"rendered":"<p>En el marco de las actividades y acciones de la Cumbre Mundial del Clima COP25, nuestro establecimiento educacional <\/p>\n","protected":false},"author":6,"featured_media":238,"comment_status":"closed","ping_status":"closed","sticky":false,"template":"","format":"standard","meta":{"footnotes":""},"categories":[4],"tags":[],"class_list":["post-237","post","type-post","status-publish","format-standard","has-post-thumbnail","hentry","category-noticias"],"_links":{"self":[{"href":"https:\/\/www.coreduc.cl\/jsu\/wp-json\/wp\/v2\/posts\/237","targetHints":{"allow":["GET"]}}],"collection":[{"href":"https:\/\/www.coreduc.cl\/jsu\/wp-json\/wp\/v2\/posts"}],"about":[{"href":"https:\/\/www.coreduc.cl\/jsu\/wp-json\/wp\/v2\/types\/post"}],"author":[{"embeddable":true,"href":"https:\/\/www.coreduc.cl\/jsu\/wp-json\/wp\/v2\/users\/6"}],"replies":[{"embeddable":true,"href":"https:\/\/www.coreduc.cl\/jsu\/wp-json\/wp\/v2\/comments?post=237"}],"version-history":[{"count":6,"href":"https:\/\/www.coreduc.cl\/jsu\/wp-json\/wp\/v2\/posts\/237\/revisions"}],"predecessor-version":[{"id":251,"href":"https:\/\/www.coreduc.cl\/jsu\/wp-json\/wp\/v2\/posts\/237\/revisions\/251"}],"wp:featuredmedia":[{"embeddable":true,"href":"https:\/\/www.coreduc.cl\/jsu\/wp-json\/wp\/v2\/media\/238"}],"wp:attachment":[{"href":"https:\/\/www.coreduc.cl\/jsu\/wp-json\/wp\/v2\/media?parent=237"}],"wp:term":[{"taxonomy":"category","embeddable":true,"href":"https:\/\/www.coreduc.cl\/jsu\/wp-json\/wp\/v2\/categories?post=237"},{"taxonomy":"post_tag","embeddable":true,"href":"https:\/\/www.coreduc.cl\/jsu\/wp-json\/wp\/v2\/tags?post=237"}],"curies":[{"name":"wp","href":"https:\/\/api.w.org\/{rel}","templated":true}]}}