{"id":230,"date":"2019-12-04T13:41:26","date_gmt":"2019-12-04T16:41:26","guid":{"rendered":"https:\/\/www.coreduc.cl\/jsu\/?p=230"},"modified":"2019-12-17T17:37:12","modified_gmt":"2019-12-17T20:37:12","slug":"primer-concurso-de-calculo-mental","status":"publish","type":"post","link":"https:\/\/www.coreduc.cl\/jsu\/primer-concurso-de-calculo-mental\/","title":{"rendered":"Primer Concurso de C\u00e1lculo Mental"},"content":{"rendered":"<div class=\"wpb-content-wrapper\"><p>[vc_row css_animation=\u00bb\u00bb row_type=\u00bbrow\u00bb use_row_as_full_screen_section=\u00bbno\u00bb type=\u00bbfull_width\u00bb angled_section=\u00bbno\u00bb text_align=\u00bbleft\u00bb background_image_as_pattern=\u00bbwithout_pattern\u00bb][vc_column][vc_column_text]El d\u00eda jueves 21 de noviembre del presente a\u00f1o, los estudiantes de segundo a\u00f1o b\u00e1sico del Liceo Jorge S\u00e1nchez Ugarte, fueron protagonistas del primer concurso enfocado a la asignatura de matem\u00e1tica, desarrollando habilidades de c\u00e1lculo mental.<\/p>\n<p>La actividad se desarroll\u00f3 con la presencia de padres, apoderados, profesores y directivos, en donde los estudiantes de cada curso brillaron respondiendo a operaciones matem\u00e1ticas de adici\u00f3n y sustracci\u00f3n, dobles y mitades y resoluci\u00f3n de problemas, en el \u00e1mbito del 0 al 50.<\/p>\n<p>El primer lugar del concurso lo obtuvo el 2\u00b0 b\u00e1sico B a cargo de las profesoras Ana Paz Candia y Carolina Silva Montero, quienes como incentivo fueron merecedores de una actividad recreativa dentro de las dependencias del establecimiento, la que en conjunto con los\/las estudiantes se hizo extensiva a los otros cursos participantes.<\/p>\n<p>Cabe destacar que padres, apoderados y profesores fueron pilares fundamentales en la pr\u00e1ctica y preparaci\u00f3n de los estudiantes durante todo el a\u00f1o, fomentando valores tales como: la responsabilidad, la humildad, el compa\u00f1erismo y la\u00a0 competitividad positiva, lo que hizo de esta instancia una actividad de aprendizaje integral con un total \u00e9xito.[\/vc_column_text][vc_empty_space][vc_row_inner row_type=\u00bbrow\u00bb type=\u00bbfull_width\u00bb text_align=\u00bbleft\u00bb css_animation=\u00bb\u00bb][vc_column_inner][vc_gallery type=\u00bbimage_grid\u00bb images=\u00bb232,231&#8243; img_size=\u00bbfull\u00bb column_number=\u00bb2&#8243; grayscale=\u00bbno\u00bb images_space=\u00bbgallery_with_space\u00bb][\/vc_column_inner][\/vc_row_inner][vc_empty_space][\/vc_column][\/vc_row]<\/p>\n<\/div>","protected":false},"excerpt":{"rendered":"<p>El d\u00eda jueves 21 de noviembre del presente a\u00f1o, los estudiantes de segundo a\u00f1o b\u00e1sico del Liceo Jorge S\u00e1nchez Ugarte<\/p>\n","protected":false},"author":6,"featured_media":232,"comment_status":"closed","ping_status":"closed","sticky":false,"template":"","format":"standard","meta":{"footnotes":""},"categories":[4],"tags":[],"class_list":["post-230","post","type-post","status-publish","format-standard","has-post-thumbnail","hentry","category-noticias"],"_links":{"self":[{"href":"https:\/\/www.coreduc.cl\/jsu\/wp-json\/wp\/v2\/posts\/230","targetHints":{"allow":["GET"]}}],"collection":[{"href":"https:\/\/www.coreduc.cl\/jsu\/wp-json\/wp\/v2\/posts"}],"about":[{"href":"https:\/\/www.coreduc.cl\/jsu\/wp-json\/wp\/v2\/types\/post"}],"author":[{"embeddable":true,"href":"https:\/\/www.coreduc.cl\/jsu\/wp-json\/wp\/v2\/users\/6"}],"replies":[{"embeddable":true,"href":"https:\/\/www.coreduc.cl\/jsu\/wp-json\/wp\/v2\/comments?post=230"}],"version-history":[{"count":3,"href":"https:\/\/www.coreduc.cl\/jsu\/wp-json\/wp\/v2\/posts\/230\/revisions"}],"predecessor-version":[{"id":236,"href":"https:\/\/www.coreduc.cl\/jsu\/wp-json\/wp\/v2\/posts\/230\/revisions\/236"}],"wp:featuredmedia":[{"embeddable":true,"href":"https:\/\/www.coreduc.cl\/jsu\/wp-json\/wp\/v2\/media\/232"}],"wp:attachment":[{"href":"https:\/\/www.coreduc.cl\/jsu\/wp-json\/wp\/v2\/media?parent=230"}],"wp:term":[{"taxonomy":"category","embeddable":true,"href":"https:\/\/www.coreduc.cl\/jsu\/wp-json\/wp\/v2\/categories?post=230"},{"taxonomy":"post_tag","embeddable":true,"href":"https:\/\/www.coreduc.cl\/jsu\/wp-json\/wp\/v2\/tags?post=230"}],"curies":[{"name":"wp","href":"https:\/\/api.w.org\/{rel}","templated":true}]}}