{"id":221,"date":"2019-11-26T17:22:20","date_gmt":"2019-11-26T20:22:20","guid":{"rendered":"https:\/\/www.coreduc.cl\/jsu\/?p=221"},"modified":"2019-11-26T17:32:20","modified_gmt":"2019-11-26T20:32:20","slug":"presentacion-de-la-obra-la-pergola-de-las-flores","status":"publish","type":"post","link":"https:\/\/www.coreduc.cl\/jsu\/presentacion-de-la-obra-la-pergola-de-las-flores\/","title":{"rendered":"Presentaci\u00f3n de la obra \u201cLa p\u00e9rgola de las flores\u201d"},"content":{"rendered":"<div class=\"wpb-content-wrapper\"><p>[vc_row css_animation=\u00bb\u00bb row_type=\u00bbrow\u00bb use_row_as_full_screen_section=\u00bbno\u00bb type=\u00bbfull_width\u00bb angled_section=\u00bbno\u00bb text_align=\u00bbleft\u00bb background_image_as_pattern=\u00bbwithout_pattern\u00bb][vc_column][vc_column_text]Con la presencia de la comunidad educativa del Liceo Jorge S\u00e1nchez Ugarte, durante el mes de octubre se llev\u00f3 a cabo la presentaci\u00f3n de la obra titulada \u201cLa P\u00e9rgola de las flores\u201d, comedia musical que fue estrenada en 1960 en Santiago de Chile, por el Teatro de Ensayo de la Universidad Cat\u00f3lica, bajo la direcci\u00f3n de Eugenio Guzm\u00e1n. El texto fue escrito por Isidora Aguirre, a quien se homenaje\u00f3 a trav\u00e9s de dicha presentaci\u00f3n, por cumplirse, en marzo del presente a\u00f1o, 100 a\u00f1os desde su natalicio.<\/p>\n<p>El trabajo presentado en esa ocasi\u00f3n fue el resultado de una unidad integrada por las asignaturas de Lenguaje y M\u00fasica en el nivel de quinto b\u00e1sico, a cargo de los docentes Nelson Bustos Candia, Carolina Gonz\u00e1lez Mu\u00f1oz y Nivaldo R\u00edos Fonseca. La obra presentada fue fruto del trabajo mancomunado entre los docentes, los apoderados y los estudiantes, siendo reflejo de la comuni\u00f3n de voluntades que se movilizaron en funci\u00f3n de un objetivo com\u00fan: el desarrollo integral de los y las estudiantes.<\/p>\n<p>Agradecemos a quienes nos invitaron a iniciar este viaje en el tiempo, a sentir el aroma de las flores, a conocer a las alegres floristas, a los lustrabotas, al suplementero y a tantos otros personajes con quienes nos emocionamos a lo largo de la presentaci\u00f3n.<\/p>\n<p>Reconocemos a los padres y apoderados de los quintos b\u00e1sicos A, B y C por el compromiso y colaboraci\u00f3n en el desarrollo de la escenograf\u00eda de la comedia musical \u201cLa p\u00e9rgola de las flores\u201d. Asimismo, agradecemos a los profesores por el trabajo desarrollado y, sobre todo, a nuestros queridos estudiantes, quienes pudieron compartir sus cualidades art\u00edsticas y darnos una muestra de lo que significa trabajar colaborativamente.<br \/>\n[\/vc_column_text][vc_empty_space][vc_single_image image=\u00bb224&#8243; img_size=\u00bbfull\u00bb alignment=\u00bbcenter\u00bb qode_css_animation=\u00bb\u00bb][vc_empty_space][\/vc_column][\/vc_row]<\/p>\n<\/div>","protected":false},"excerpt":{"rendered":"<p>Con la presencia de la comunidad educativa del Liceo Jorge S\u00e1nchez Ugarte, durante el mes de octubre<\/p>\n","protected":false},"author":6,"featured_media":228,"comment_status":"closed","ping_status":"closed","sticky":false,"template":"","format":"standard","meta":{"footnotes":""},"categories":[4],"tags":[],"class_list":["post-221","post","type-post","status-publish","format-standard","has-post-thumbnail","hentry","category-noticias"],"_links":{"self":[{"href":"https:\/\/www.coreduc.cl\/jsu\/wp-json\/wp\/v2\/posts\/221","targetHints":{"allow":["GET"]}}],"collection":[{"href":"https:\/\/www.coreduc.cl\/jsu\/wp-json\/wp\/v2\/posts"}],"about":[{"href":"https:\/\/www.coreduc.cl\/jsu\/wp-json\/wp\/v2\/types\/post"}],"author":[{"embeddable":true,"href":"https:\/\/www.coreduc.cl\/jsu\/wp-json\/wp\/v2\/users\/6"}],"replies":[{"embeddable":true,"href":"https:\/\/www.coreduc.cl\/jsu\/wp-json\/wp\/v2\/comments?post=221"}],"version-history":[{"count":4,"href":"https:\/\/www.coreduc.cl\/jsu\/wp-json\/wp\/v2\/posts\/221\/revisions"}],"predecessor-version":[{"id":227,"href":"https:\/\/www.coreduc.cl\/jsu\/wp-json\/wp\/v2\/posts\/221\/revisions\/227"}],"wp:featuredmedia":[{"embeddable":true,"href":"https:\/\/www.coreduc.cl\/jsu\/wp-json\/wp\/v2\/media\/228"}],"wp:attachment":[{"href":"https:\/\/www.coreduc.cl\/jsu\/wp-json\/wp\/v2\/media?parent=221"}],"wp:term":[{"taxonomy":"category","embeddable":true,"href":"https:\/\/www.coreduc.cl\/jsu\/wp-json\/wp\/v2\/categories?post=221"},{"taxonomy":"post_tag","embeddable":true,"href":"https:\/\/www.coreduc.cl\/jsu\/wp-json\/wp\/v2\/tags?post=221"}],"curies":[{"name":"wp","href":"https:\/\/api.w.org\/{rel}","templated":true}]}}