{"id":162,"date":"2019-08-28T12:15:58","date_gmt":"2019-08-28T16:15:58","guid":{"rendered":"https:\/\/www.coreduc.cl\/jsu\/?p=162"},"modified":"2019-09-13T12:57:17","modified_gmt":"2019-09-13T15:57:17","slug":"celebracion-del-dia-de-la-educacion-tecnico-profesional","status":"publish","type":"post","link":"https:\/\/www.coreduc.cl\/jsu\/celebracion-del-dia-de-la-educacion-tecnico-profesional\/","title":{"rendered":"Celebraci\u00f3n del d\u00eda de la educaci\u00f3n t\u00e9cnico profesional"},"content":{"rendered":"<div class=\"wpb-content-wrapper\"><p>[vc_row css_animation=\u00bb\u00bb row_type=\u00bbrow\u00bb use_row_as_full_screen_section=\u00bbno\u00bb type=\u00bbfull_width\u00bb angled_section=\u00bbno\u00bb text_align=\u00bbleft\u00bb background_image_as_pattern=\u00bbwithout_pattern\u00bb][vc_column][vc_column_text]Con la presencia del Vicepresidente de la C\u00e1mara Chilena de la Construcci\u00f3n Delegaci\u00f3n Regional, Sr. Mauricio Carvajal Fern\u00e1ndez, la Presidenta del Comit\u00e9 de Vivienda de la CChC Delegaci\u00f3n Regional y Embajadora del Proyecto Metro, Sra. Miladi Garfe Carre\u00f1o, el Sr. Rodrigo Carrasco Ab\u00e1solo, Consejero Nacional de la CChC, la Presidenta del Centro General de Padres y Apoderados, Sra. Carolina Albornoz, la Vicepresidenta del Centro de Alumnos, Srta. Catalina Estrada Villarroel, Padres y Apoderados, Docentes, Administrativos y Auxiliares, se realiz\u00f3 con alegr\u00eda y emoci\u00f3n, la Celebraci\u00f3n del D\u00eda de la Educaci\u00f3n T\u00e9cnico Profesional, este 26 de agosto, la cual estuvo precedida por Competencias T\u00e9cnicas realizadas en la jornada de la ma\u00f1ana, y en donde los estudiantes, pudieron, en un ambiente de alegr\u00eda, demostrar sus habilidades y conocimientos de sus especialidades, en actividades elaboradas por los docentes del \u00e1rea t\u00e9cnico profesional.<\/p>\n<p>En la ocasi\u00f3n, nuestro Director Sr. Edgardo Quezada Arias y miembros del Equipo Directivo, hicieron entrega de reconocimientos a estudiantes de distintos niveles del establecimiento (B\u00e1sica y Media), que participaron de esta celebraci\u00f3n, realizando maquetas, dibujos y afiches alusivos a las especialidades que nuestro establecimiento imparte.<\/p>\n<p>Por otra parte, los profesores tutores de los estudiantes, entregaron est\u00edmulos a los estudiantes que por curso, nivel y especialidad destacaron por demostrar su crecimiento personal y t\u00e9cnico en las empresas, resaltando su responsabilidad ante tareas o actividades propias de sus \u00e1reas, y sobre todo, por actuar siempre con los valores y principios que tanto las familias como el establecimiento promueven y motivan en los alumnos.<\/p>\n<p>Agradecemos la presentaci\u00f3n del Proyecto Metro que la Sra. Miladi Garfe comparti\u00f3 con la comunidad educativa, resaltando la labor que la CChC realiza en pos de generar mayor calidad de vida de la Ciudad de Concepci\u00f3n y las comunas circundantes.<\/p>\n<p>Se agradece las palabras que la alumna de Cuarto Medio de la especialidad de Administraci\u00f3n Menci\u00f3n Recursos Humanos, Srta. Monserrat Concha Aguayo, se\u00f1alara en este acto de celebraci\u00f3n, destacando el llamado a sus compa\u00f1eros a valorar los aprendizajes que se logran con el sistema de formaci\u00f3n dual, por el crecimiento personal que ello permite, como tambi\u00e9n el aporte que las empresas, los Maestros Gu\u00edas y los docentes de las especialidades entregan a los alumnos. As\u00ed tambi\u00e9n a nuestro Auxiliar, Sr. Erasmo Escobar Escobar, quien entreg\u00f3 un emotivo saludo a los estudiantes, incentiv\u00e1ndolos a ser buenas personas y aportar al crecimiento del establecimiento, el suyo propio y del pa\u00eds desde su labor de estudiantes y futuros trabajadores y emprendedores.<\/p>\n<p>Agradecemos la presencia de los representantes de la Delegaci\u00f3n Regional de la C\u00e1mara Chilena de la Construcci\u00f3n, Padres y Apoderados, y a toda la comunidad educativa, por el apoyo y confianza en la formaci\u00f3n de nuestros estudiantes de las especialidades de Administraci\u00f3n menci\u00f3n Recursos Humanos y Montaje Industrial, como tambi\u00e9n, agradecer y destacar el compromiso y esfuerzo realizado en esta actividad por parte de los Docentes de las especialidades.<\/p>\n<p>Felicidades\u2026[\/vc_column_text][vc_empty_space][\/vc_column][\/vc_row][vc_row css_animation=\u00bb\u00bb row_type=\u00bbrow\u00bb use_row_as_full_screen_section=\u00bbno\u00bb type=\u00bbfull_width\u00bb angled_section=\u00bbno\u00bb text_align=\u00bbleft\u00bb background_image_as_pattern=\u00bbwithout_pattern\u00bb][vc_column][vc_empty_space][\/vc_column][\/vc_row][vc_row css_animation=\u00bb\u00bb row_type=\u00bbrow\u00bb use_row_as_full_screen_section=\u00bbno\u00bb type=\u00bbfull_width\u00bb angled_section=\u00bbno\u00bb text_align=\u00bbleft\u00bb background_image_as_pattern=\u00bbwithout_pattern\u00bb][vc_column width=\u00bb1\/6&#8243;][\/vc_column][vc_column width=\u00bb2\/3&#8243;][vc_single_image image=\u00bb164&#8243; img_size=\u00bbfull\u00bb onclick=\u00bblink_image\u00bb qode_css_animation=\u00bb\u00bb][vc_column_text css=\u00bb.vc_custom_1568301953136{margin-top: 20px !important;}\u00bb]Discurso Alumna Destacada<br \/>\n<strong>Monserrat Concha Aguayo \u2013 Administraci\u00f3n Menci\u00f3n RRHH<\/strong><br \/>\n4\u00b0 medio[\/vc_column_text][vc_empty_space][\/vc_column][vc_column width=\u00bb1\/6&#8243;][\/vc_column][\/vc_row][vc_row css_animation=\u00bb\u00bb row_type=\u00bbrow\u00bb use_row_as_full_screen_section=\u00bbno\u00bb type=\u00bbfull_width\u00bb angled_section=\u00bbno\u00bb text_align=\u00bbleft\u00bb background_image_as_pattern=\u00bbwithout_pattern\u00bb][vc_column width=\u00bb1\/6&#8243;][\/vc_column][vc_column width=\u00bb2\/3&#8243;][vc_single_image image=\u00bb167&#8243; img_size=\u00bbfull\u00bb onclick=\u00bblink_image\u00bb qode_css_animation=\u00bb\u00bb][vc_column_text css=\u00bb.vc_custom_1568301961451{margin-top: 20px !important;}\u00bb]Premiaci\u00f3n Alumnos destacados en Empresa<br \/>\n<strong>Didier Ortiz G\u00f3mez \u2013 3\u00b0 medio Administraci\u00f3n<\/strong>[\/vc_column_text][vc_empty_space][\/vc_column][vc_column width=\u00bb1\/6&#8243;][\/vc_column][\/vc_row][vc_row css_animation=\u00bb\u00bb row_type=\u00bbrow\u00bb use_row_as_full_screen_section=\u00bbno\u00bb type=\u00bbfull_width\u00bb angled_section=\u00bbno\u00bb text_align=\u00bbleft\u00bb background_image_as_pattern=\u00bbwithout_pattern\u00bb][vc_column width=\u00bb1\/6&#8243;][\/vc_column][vc_column width=\u00bb2\/3&#8243;][vc_single_image image=\u00bb170&#8243; img_size=\u00bbfull\u00bb onclick=\u00bblink_image\u00bb qode_css_animation=\u00bb\u00bb][vc_column_text css=\u00bb.vc_custom_1568302020256{margin-top: 20px !important;}\u00bb]Saludo representante de los trabajadores del Establecimiento<br \/>\n<strong>Sr. Erasmo Escobar Escobar<\/strong><br \/>\nAuxiliar[\/vc_column_text][vc_empty_space][\/vc_column][vc_column width=\u00bb1\/6&#8243;][\/vc_column][\/vc_row][vc_row css_animation=\u00bb\u00bb row_type=\u00bbrow\u00bb use_row_as_full_screen_section=\u00bbno\u00bb type=\u00bbfull_width\u00bb angled_section=\u00bbno\u00bb text_align=\u00bbleft\u00bb background_image_as_pattern=\u00bbwithout_pattern\u00bb][vc_column][vc_separator css_animation=\u00bbfadeIn\u00bb type=\u00bbnormal\u00bb][\/vc_column][\/vc_row][vc_row css_animation=\u00bb\u00bb row_type=\u00bbrow\u00bb use_row_as_full_screen_section=\u00bbno\u00bb type=\u00bbfull_width\u00bb angled_section=\u00bbno\u00bb text_align=\u00bbleft\u00bb background_image_as_pattern=\u00bbwithout_pattern\u00bb][vc_column][vc_column_text css=\u00bb.vc_custom_1568302104871{margin-top: 10px !important;margin-bottom: 20px !important;}\u00bb]Director y Directivos distinguen a estudiantes de Ense\u00f1anza B\u00e1sica y Media que participaron realizando Dibujos, Afiches y Maquetas alusivos a las especialidades de Administraci\u00f3n y Montaje Industrial[\/vc_column_text][\/vc_column][\/vc_row][vc_row css_animation=\u00bb\u00bb row_type=\u00bbrow\u00bb use_row_as_full_screen_section=\u00bbno\u00bb type=\u00bbfull_width\u00bb angled_section=\u00bbno\u00bb text_align=\u00bbleft\u00bb background_image_as_pattern=\u00bbwithout_pattern\u00bb][vc_column][vc_row_inner row_type=\u00bbrow\u00bb type=\u00bbfull_width\u00bb text_align=\u00bbleft\u00bb css_animation=\u00bb\u00bb][vc_column_inner width=\u00bb1\/2&#8243;][vc_single_image image=\u00bb173&#8243; img_size=\u00bbfull\u00bb onclick=\u00bblink_image\u00bb qode_css_animation=\u00bb\u00bb][vc_column_text css=\u00bb.vc_custom_1568302501788{margin-top: 10px !important;}\u00bb]Alumnos de Primer Ciclo B\u00e1sico[\/vc_column_text][\/vc_column_inner][vc_column_inner width=\u00bb1\/2&#8243;][vc_single_image image=\u00bb174&#8243; img_size=\u00bbfull\u00bb onclick=\u00bblink_image\u00bb qode_css_animation=\u00bb\u00bb][vc_column_text css=\u00bb.vc_custom_1568302524882{margin-top: 10px !important;}\u00bb]Alumnos de Segundo Ciclo B\u00e1sico[\/vc_column_text][\/vc_column_inner][\/vc_row_inner][\/vc_column][\/vc_row][vc_row css_animation=\u00bb\u00bb row_type=\u00bbrow\u00bb use_row_as_full_screen_section=\u00bbno\u00bb type=\u00bbfull_width\u00bb angled_section=\u00bbno\u00bb text_align=\u00bbleft\u00bb background_image_as_pattern=\u00bbwithout_pattern\u00bb][vc_column][vc_empty_space][\/vc_column][\/vc_row][vc_row css_animation=\u00bb\u00bb row_type=\u00bbrow\u00bb use_row_as_full_screen_section=\u00bbno\u00bb type=\u00bbfull_width\u00bb angled_section=\u00bbno\u00bb text_align=\u00bbleft\u00bb background_image_as_pattern=\u00bbwithout_pattern\u00bb][vc_column css=\u00bb.vc_custom_1568303086768{margin-bottom: 30px !important;}\u00bb][vc_separator css_animation=\u00bbfadeIn\u00bb type=\u00bbnormal\u00bb][\/vc_column][\/vc_row][vc_row css_animation=\u00bb\u00bb row_type=\u00bbrow\u00bb use_row_as_full_screen_section=\u00bbno\u00bb type=\u00bbfull_width\u00bb angled_section=\u00bbno\u00bb text_align=\u00bbleft\u00bb background_image_as_pattern=\u00bbwithout_pattern\u00bb][vc_column width=\u00bb1\/2&#8243;][vc_single_image image=\u00bb175&#8243; img_size=\u00bbfull\u00bb onclick=\u00bblink_image\u00bb qode_css_animation=\u00bb\u00bb][vc_column_text css=\u00bb.vc_custom_1568302706821{margin-top: 10px !important;}\u00bb]Alumnos de Ensa\u00f1anza Media &#8211; Segundo Medio[\/vc_column_text][\/vc_column][vc_column width=\u00bb1\/2&#8243;][vc_single_image image=\u00bb176&#8243; img_size=\u00bbfull\u00bb onclick=\u00bblink_image\u00bb qode_css_animation=\u00bb\u00bb][vc_column_text css=\u00bb.vc_custom_1568302843887{margin-top: 10px !important;}\u00bb]Maqueta Ganadora alusiva a la especialidad de <strong>Admnistraci\u00f3n menci\u00f3n RRHH<\/strong>[\/vc_column_text][\/vc_column][\/vc_row][vc_row css_animation=\u00bb\u00bb row_type=\u00bbrow\u00bb use_row_as_full_screen_section=\u00bbno\u00bb type=\u00bbfull_width\u00bb angled_section=\u00bbno\u00bb text_align=\u00bbleft\u00bb background_image_as_pattern=\u00bbwithout_pattern\u00bb][vc_column][vc_empty_space][\/vc_column][\/vc_row]<\/p>\n<\/div>","protected":false},"excerpt":{"rendered":"<p>Con la presencia del Vicepresidente de la C\u00e1mara Chilena de la Construcci\u00f3n<\/p>\n","protected":false},"author":6,"featured_media":163,"comment_status":"closed","ping_status":"closed","sticky":false,"template":"","format":"standard","meta":{"footnotes":""},"categories":[4],"tags":[],"class_list":["post-162","post","type-post","status-publish","format-standard","has-post-thumbnail","hentry","category-noticias"],"_links":{"self":[{"href":"https:\/\/www.coreduc.cl\/jsu\/wp-json\/wp\/v2\/posts\/162","targetHints":{"allow":["GET"]}}],"collection":[{"href":"https:\/\/www.coreduc.cl\/jsu\/wp-json\/wp\/v2\/posts"}],"about":[{"href":"https:\/\/www.coreduc.cl\/jsu\/wp-json\/wp\/v2\/types\/post"}],"author":[{"embeddable":true,"href":"https:\/\/www.coreduc.cl\/jsu\/wp-json\/wp\/v2\/users\/6"}],"replies":[{"embeddable":true,"href":"https:\/\/www.coreduc.cl\/jsu\/wp-json\/wp\/v2\/comments?post=162"}],"version-history":[{"count":11,"href":"https:\/\/www.coreduc.cl\/jsu\/wp-json\/wp\/v2\/posts\/162\/revisions"}],"predecessor-version":[{"id":189,"href":"https:\/\/www.coreduc.cl\/jsu\/wp-json\/wp\/v2\/posts\/162\/revisions\/189"}],"wp:featuredmedia":[{"embeddable":true,"href":"https:\/\/www.coreduc.cl\/jsu\/wp-json\/wp\/v2\/media\/163"}],"wp:attachment":[{"href":"https:\/\/www.coreduc.cl\/jsu\/wp-json\/wp\/v2\/media?parent=162"}],"wp:term":[{"taxonomy":"category","embeddable":true,"href":"https:\/\/www.coreduc.cl\/jsu\/wp-json\/wp\/v2\/categories?post=162"},{"taxonomy":"post_tag","embeddable":true,"href":"https:\/\/www.coreduc.cl\/jsu\/wp-json\/wp\/v2\/tags?post=162"}],"curies":[{"name":"wp","href":"https:\/\/api.w.org\/{rel}","templated":true}]}}