{"id":137,"date":"2018-11-22T10:49:14","date_gmt":"2018-11-22T13:49:14","guid":{"rendered":"https:\/\/www.coreduc.cl\/jsu\/?p=137"},"modified":"2019-10-14T14:51:10","modified_gmt":"2019-10-14T17:51:10","slug":"inauguracion-y-bendicion-nuevas-dependencias-liceo-jsu","status":"publish","type":"post","link":"https:\/\/www.coreduc.cl\/jsu\/inauguracion-y-bendicion-nuevas-dependencias-liceo-jsu\/","title":{"rendered":"Inauguraci\u00f3n y bendici\u00f3n nuevas dependencias liceo JSU"},"content":{"rendered":"<div class=\"wpb-content-wrapper\"><p>[vc_row css_animation=\u00bb\u00bb row_type=\u00bbrow\u00bb use_row_as_full_screen_section=\u00bbno\u00bb type=\u00bbfull_width\u00bb angled_section=\u00bbno\u00bb text_align=\u00bbleft\u00bb background_image_as_pattern=\u00bbwithout_pattern\u00bb][vc_column][vc_column_text]Con gran alegr\u00eda el pasado jueves 15 de noviembre recibimos la visita de nuestro Presidente del Consejo de Administraci\u00f3n de Coreduc Sr. Jos\u00e9 Ignacio Loeser Bravo y nuestra Gerenta General Sra. Rosana Sprovera Manr\u00edquez. La visita tuvo como finalidad la Inauguraci\u00f3n y Bendici\u00f3n de las nuevas dependencias de nuestro Liceo, las que consist\u00edan en 3 salas y 3 oficinas totalmente nuevas. Durante la celebraci\u00f3n Don Jos\u00e9 Ignacio Loeser, remarc\u00f3 el compromiso de la C\u00e1mara Chilena de la Construcci\u00f3n con el Liceo y toda su comunidad educativa. La bendici\u00f3n estuvo a cargo del Capell\u00e1n de nuestro establecimiento Pbro. Hector Osorio Osorio.<\/p>\n<p>Finalizada la ceremonia, los asistentes realizaron un recorrido por el establecimiento, instancia que tuvo un alto en la Plaza del Estudiante, espacio educativo readecuado recientemente, en el cual los asistentes disfrutaron de la Orquesta de Cuerdas del establecimiento y de algunas poes\u00edas del Nuevo Libro elaborado por estudiantes del Taller Literario del Liceo \u201cYo sue\u00f1o, Yo creo\u201d el cual se encuentra en etapa de edici\u00f3n y reproducci\u00f3n. Luego de estas dos intervenciones los asistentes conocieron el Vivero Estudiantil, espacio educativo construido y mantenido por nuestro Equipo de Auxiliares y por nuestros estudiantes.<\/p>\n<p>Agradecemos la visita de nuestro Presidente y de nuestra Gerenta General que sin lugar a duda nos muestran el compromiso, cercan\u00eda y afecto hacia nuestra Comunidad y Proyecto Educativo.[\/vc_column_text][vc_empty_space][vc_gallery type=\u00bbimage_grid\u00bb images=\u00bb140,141,139&#8243; img_size=\u00bbfull\u00bb column_number=\u00bb3&#8243; grayscale=\u00bbno\u00bb images_space=\u00bbgallery_with_space\u00bb][vc_empty_space][\/vc_column][\/vc_row]<\/p>\n<\/div>","protected":false},"excerpt":{"rendered":"<p>Con gran alegr\u00eda el pasado jueves 15 de noviembre recibimos<\/p>\n","protected":false},"author":6,"featured_media":217,"comment_status":"closed","ping_status":"closed","sticky":false,"template":"","format":"standard","meta":{"footnotes":""},"categories":[4],"tags":[],"class_list":["post-137","post","type-post","status-publish","format-standard","has-post-thumbnail","hentry","category-noticias"],"_links":{"self":[{"href":"https:\/\/www.coreduc.cl\/jsu\/wp-json\/wp\/v2\/posts\/137","targetHints":{"allow":["GET"]}}],"collection":[{"href":"https:\/\/www.coreduc.cl\/jsu\/wp-json\/wp\/v2\/posts"}],"about":[{"href":"https:\/\/www.coreduc.cl\/jsu\/wp-json\/wp\/v2\/types\/post"}],"author":[{"embeddable":true,"href":"https:\/\/www.coreduc.cl\/jsu\/wp-json\/wp\/v2\/users\/6"}],"replies":[{"embeddable":true,"href":"https:\/\/www.coreduc.cl\/jsu\/wp-json\/wp\/v2\/comments?post=137"}],"version-history":[{"count":4,"href":"https:\/\/www.coreduc.cl\/jsu\/wp-json\/wp\/v2\/posts\/137\/revisions"}],"predecessor-version":[{"id":211,"href":"https:\/\/www.coreduc.cl\/jsu\/wp-json\/wp\/v2\/posts\/137\/revisions\/211"}],"wp:featuredmedia":[{"embeddable":true,"href":"https:\/\/www.coreduc.cl\/jsu\/wp-json\/wp\/v2\/media\/217"}],"wp:attachment":[{"href":"https:\/\/www.coreduc.cl\/jsu\/wp-json\/wp\/v2\/media?parent=137"}],"wp:term":[{"taxonomy":"category","embeddable":true,"href":"https:\/\/www.coreduc.cl\/jsu\/wp-json\/wp\/v2\/categories?post=137"},{"taxonomy":"post_tag","embeddable":true,"href":"https:\/\/www.coreduc.cl\/jsu\/wp-json\/wp\/v2\/tags?post=137"}],"curies":[{"name":"wp","href":"https:\/\/api.w.org\/{rel}","templated":true}]}}