{"id":127,"date":"2018-10-17T10:37:54","date_gmt":"2018-10-17T13:37:54","guid":{"rendered":"https:\/\/www.coreduc.cl\/jsu\/?p=127"},"modified":"2019-10-14T13:33:15","modified_gmt":"2019-10-14T16:33:15","slug":"ceremonia-de-titulacion-generacion-2017","status":"publish","type":"post","link":"https:\/\/www.coreduc.cl\/jsu\/ceremonia-de-titulacion-generacion-2017\/","title":{"rendered":"Ceremonia de titulaci\u00f3n generaci\u00f3n 2017"},"content":{"rendered":"<div class=\"wpb-content-wrapper\"><p>[vc_row css_animation=\u00bb\u00bb row_type=\u00bbrow\u00bb use_row_as_full_screen_section=\u00bbno\u00bb type=\u00bbfull_width\u00bb angled_section=\u00bbno\u00bb text_align=\u00bbleft\u00bb background_image_as_pattern=\u00bbwithout_pattern\u00bb][vc_column][vc_column_text]Con una emotiva Ceremonia, 93 egresados de las especialidades de Administraci\u00f3n menci\u00f3n Recursos Humanos y Montaje Industrial fueron acreedores del T\u00edtulo que les distingue con T\u00e9cnicos de Nivel medio en sus respectivas \u00e1reas de desempe\u00f1o. En esta actividad contamos con la presencia de Don Miguel \u00c1ngel Ruiz-Tagle Alfaro, Presidente del \u00c1rea Social de la C\u00e1mara Chilena de la Construcci\u00f3n Delegaci\u00f3n Regional, junto con Don Jos\u00e9 Luis Alfaro, en representaci\u00f3n de Coreduc, Don Carlos Netz, Presidente del Consejo Asesor Empresarial del Liceo, Don Jorge Munita Parra, Director del Liceo Industrial \u201cHern\u00e1n Valenzuela Leyton\u201d, Don V\u00edctor Mu\u00f1oz Zapata, exdirector de nuestro liceo y Don Carlos Salinas Silva, Subdirector Acad\u00e9mico de Proandes<\/p>\n<p>El Director, Sr. Edgardo Quezada Arias, transmiti\u00f3 a los presentes, y en especial a los egresados a titular, el cari\u00f1o y responsabilidad con la que se prepara esta ceremonia por parte de cada estamento del Liceo, a fin de resaltar el valor que el establecimiento le otorga al logro que implica que un joven acredite sus competencias con un t\u00edtulo T\u00e9cnico Profesional, adem\u00e1s de resaltar la profundidad del trabajo que se realiz\u00f3 en aras de que los j\u00f3venes titulados incorporaran en su quehacer diario los valores espirituales y \u00e9ticos que se encuentran incorporados en el Proyecto Educativo del Liceo y de la Corporaci\u00f3n Educacional de la Construcci\u00f3n y que esto sea un sello distintivo de un egresado del Liceo T\u00e9cnico Profesional \u201cJorge S\u00e1nchez Ugarte\u201d.<\/p>\n<p>Por otra parte, la alumna egresada y titulada de la Especialidad de Administraci\u00f3n menci\u00f3n Recursos Humanos, Srta. Valentina Medina Gajardo, quien ingres\u00f3 al liceo en primero b\u00e1sico, y que tuvo el privilegio de entregar unas palabras a sus compa\u00f1eros y a todos los asistentes a esta ceremonia, se\u00f1al\u00f3, en un discurso muy emotivo, el valor y la importancia que cada miembro de la comunidad educativa tuvo en su desarrollo personal, espiritual y profesional, de lo agradecida que est\u00e1 por ver en su liceo no s\u00f3lo acompa\u00f1amiento acad\u00e9mico si no tambi\u00e9n preocupaci\u00f3n por los menos favorecidos en campa\u00f1as solidarias para instituciones y familias menos favorecidas. Agradeci\u00f3 y reconoci\u00f3 a cada docente que tuvo en paso por el establecimiento, lo mismo que a sus compa\u00f1eros, adem\u00e1s de resaltar la importancia y efecto que las actividades extracurriculares que fomenta el liceo, tienen en el desarrollo integral de ni\u00f1os y j\u00f3venes, siendo ella misma integrante de la Orquesta y miembro del grupo de Cheerleader.<\/p>\n<p>Nos encontramos muy orgullosos de lo vivido en esta Ceremonia de Titulaci\u00f3n, por las emociones vividas y por sobre todo, ver a nuestros j\u00f3venes y sus familias realizados por este logro, que lejos de ser peque\u00f1o, abre puertas y desaf\u00edos para m\u00e1s y mejores conquistas.[\/vc_column_text][vc_empty_space][vc_gallery type=\u00bbimage_grid\u00bb images=\u00bb134,133,129&#8243; img_size=\u00bbfull\u00bb column_number=\u00bb3&#8243; grayscale=\u00bbno\u00bb images_space=\u00bbgallery_with_space\u00bb][vc_empty_space][\/vc_column][\/vc_row]<\/p>\n<\/div>","protected":false},"excerpt":{"rendered":"<p>Con una emotiva Ceremonia, 93 egresados de las especialidades de Administraci\u00f3n<\/p>\n","protected":false},"author":6,"featured_media":128,"comment_status":"closed","ping_status":"closed","sticky":false,"template":"","format":"standard","meta":{"footnotes":""},"categories":[4],"tags":[],"class_list":["post-127","post","type-post","status-publish","format-standard","has-post-thumbnail","hentry","category-noticias"],"_links":{"self":[{"href":"https:\/\/www.coreduc.cl\/jsu\/wp-json\/wp\/v2\/posts\/127","targetHints":{"allow":["GET"]}}],"collection":[{"href":"https:\/\/www.coreduc.cl\/jsu\/wp-json\/wp\/v2\/posts"}],"about":[{"href":"https:\/\/www.coreduc.cl\/jsu\/wp-json\/wp\/v2\/types\/post"}],"author":[{"embeddable":true,"href":"https:\/\/www.coreduc.cl\/jsu\/wp-json\/wp\/v2\/users\/6"}],"replies":[{"embeddable":true,"href":"https:\/\/www.coreduc.cl\/jsu\/wp-json\/wp\/v2\/comments?post=127"}],"version-history":[{"count":8,"href":"https:\/\/www.coreduc.cl\/jsu\/wp-json\/wp\/v2\/posts\/127\/revisions"}],"predecessor-version":[{"id":214,"href":"https:\/\/www.coreduc.cl\/jsu\/wp-json\/wp\/v2\/posts\/127\/revisions\/214"}],"wp:featuredmedia":[{"embeddable":true,"href":"https:\/\/www.coreduc.cl\/jsu\/wp-json\/wp\/v2\/media\/128"}],"wp:attachment":[{"href":"https:\/\/www.coreduc.cl\/jsu\/wp-json\/wp\/v2\/media?parent=127"}],"wp:term":[{"taxonomy":"category","embeddable":true,"href":"https:\/\/www.coreduc.cl\/jsu\/wp-json\/wp\/v2\/categories?post=127"},{"taxonomy":"post_tag","embeddable":true,"href":"https:\/\/www.coreduc.cl\/jsu\/wp-json\/wp\/v2\/tags?post=127"}],"curies":[{"name":"wp","href":"https:\/\/api.w.org\/{rel}","templated":true}]}}